{"id":10912,"date":"2016-12-08T01:46:24","date_gmt":"2016-12-08T01:46:24","guid":{"rendered":"https:\/\/armstrongyregion.com.ar\/diario\/?p=10912"},"modified":"2016-12-08T01:46:24","modified_gmt":"2016-12-08T01:46:24","slug":"anuncian-corte-en-autopista-para-que-todos-vean-como-esta-la-ruta-9","status":"publish","type":"post","link":"https:\/\/armstrongyregion.com.ar\/diario\/anuncian-corte-en-autopista-para-que-todos-vean-como-esta-la-ruta-9\/","title":{"rendered":"Anuncian corte en autopista \u201cpara que todos vean\u201d c\u00f3mo est\u00e1 la ruta 9."},"content":{"rendered":"<p><a href=\"http:\/\/armstrongyregion.com.ar\/diario\/wp-content\/uploads\/2016\/12\/autop.jpg_1305449671.jpg\"><img loading=\"lazy\" decoding=\"async\" src=\"http:\/\/armstrongyregion.com.ar\/diario\/wp-content\/uploads\/2016\/12\/autop.jpg_1305449671-300x169.jpg\" alt=\"autop-jpg_1305449671\" width=\"300\" height=\"169\" class=\"alignnone size-medium wp-image-10913\" srcset=\"https:\/\/armstrongyregion.com.ar\/diario\/wp-content\/uploads\/2016\/12\/autop.jpg_1305449671-300x169.jpg 300w, https:\/\/armstrongyregion.com.ar\/diario\/wp-content\/uploads\/2016\/12\/autop.jpg_1305449671.jpg 847w\" sizes=\"auto, (max-width: 300px) 100vw, 300px\" \/><\/a>Lo har\u00e1n vecinos de Correa y Carcara\u00f1\u00e1 este jueves, en el comienzo del fin de semana largo. Desviar\u00e1n a todos los automovilistas hacia el viejo camino paralelo para poner en evidencia el deplorable estado del pavimento y reclamar obras.<br \/>\nHartos de reclamar por obras de reparaci\u00f3n de la vieja ruta 9, vecinos de Correa y Carcara\u00f1\u00e1 anunciaron un nuevo corte de la autopista Rosario-C\u00f3rdoba \u201cpara que todos vean\u201d, al desviar, el estado de la v\u00eda paralela entre las dos primeras localidades. La protesta ser\u00e1 este jueves, en pleno comienzo del fin de semana largo.<\/p>\n<p><a href=\"http:\/\/armstrongyregion.com.ar\/diario\/wp-content\/uploads\/2016\/12\/ruta9.jpg_1776621734.jpg\"><img loading=\"lazy\" decoding=\"async\" src=\"http:\/\/armstrongyregion.com.ar\/diario\/wp-content\/uploads\/2016\/12\/ruta9.jpg_1776621734-290x300.jpg\" alt=\"ruta9-jpg_1776621734\" width=\"290\" height=\"300\" class=\"alignnone size-medium wp-image-10914\" srcset=\"https:\/\/armstrongyregion.com.ar\/diario\/wp-content\/uploads\/2016\/12\/ruta9.jpg_1776621734-290x300.jpg 290w, https:\/\/armstrongyregion.com.ar\/diario\/wp-content\/uploads\/2016\/12\/ruta9.jpg_1776621734.jpg 583w\" sizes=\"auto, (max-width: 290px) 100vw, 290px\" \/><\/a>Seg\u00fan informa el sitio local Carcaweb, la convocatoria es a las 9 de la ma\u00f1ana sobre la autopista. \u201cNo con un corte, sino con un desv\u00edo\u201d, explic\u00f3 uno de los promotores de la manifestaci\u00f3n. Si bien no comunicaron un horario de finalizaci\u00f3n de la manifestaci\u00f3n, \u00e9sta ser\u00eda s\u00f3lo por algunas horas del jueves y no se extender\u00eda a todo el fin de semana largo.<\/p>\n<p>La idea de los vecinos es que automovilistas de todo el pa\u00eds que pasen por esa zona tomen contacto con la realidad de la vieja ruta 9, que va en paralelo al sur de la autopista, en el tramo entre Correa y Carcara\u00f1\u00e1 y en las zonas urbanas de dichas comunas santafesinas.<\/p>\n<p>Pero sobre todo, para que los organismos oficiales responsables aporten \u201cde una vez por todas una soluci\u00f3n\u201d al calamitoso estado del pavimento y la falta de banquinas, lo que, aseguran, en los \u00faltimos tiempos \u2013adem\u00e1s de las l\u00f3gicas incomodidades\u2013 provoc\u00f3 varios siniestros de tr\u00e1nsito, al menos uno con saldo fatal.<\/p>\n<p>Viejo reclamo<\/p>\n<p>Adem\u00e1s de la falta de mantenimiento, el deterioro de la calzada sobre la ruta 9, sobre todo en el citado trayecto, se da porque numerosos camiones eluden la cabina de peaje ubicada a esa altura de la autopista y desv\u00edan hacia el viejo camino. Tanto en una direcci\u00f3n como en la otra.<\/p>\n<p>Los habitantes de la zona ya hab\u00edan realizado una protesta similar en agosto \u00faltimo, pero en aquella ocasi\u00f3n cortaron durante una ma\u00f1ana y en forma total tanto la autopista como la ruta 9, por lo que los automovilistas debieron buscar caminos alternativos seg\u00fan su recorrido.<\/p>\n<p>Por entonces, un m\u00f3vil de El Tres lleg\u00f3 hasta el lugar y registr\u00f3 im\u00e1genes que dan cuenta de lo da\u00f1ada que se encuentra la calzada, lo que ya provoc\u00f3, adem\u00e1s de las l\u00f3gicas incomodidades, numerosos accidentes en dicho trayecto.<br \/>\nRosario3.com<\/p>\n","protected":false},"excerpt":{"rendered":"<p>Lo har\u00e1n vecinos de Correa y Carcara\u00f1\u00e1 este jueves, en el comienzo del fin de semana largo. Desviar\u00e1n a todos los automovilistas hacia el viejo camino paralelo para poner en evidencia el deplorable estado del pavimento y reclamar obras. Hartos de reclamar por obras de reparaci\u00f3n de la vieja ruta 9, vecinos de Correa y <a href=\"https:\/\/armstrongyregion.com.ar\/diario\/anuncian-corte-en-autopista-para-que-todos-vean-como-esta-la-ruta-9\/\" title=\"Read more\" >&#8230;<\/a><\/p>\n","protected":false},"author":1,"featured_media":10913,"comment_status":"open","ping_status":"open","sticky":false,"template":"","format":"standard","meta":{"_jetpack_memberships_contains_paid_content":false,"footnotes":"","jetpack_publicize_message":"","jetpack_publicize_feature_enabled":true,"jetpack_social_post_already_shared":false,"jetpack_social_options":{"image_generator_settings":{"template":"highway","default_image_id":0,"enabled":false},"version":2}},"categories":[8,1,7,3],"tags":[4759],"class_list":["post-10912","post","type-post","status-publish","format-standard","has-post-thumbnail","hentry","category-deliberando","category-diario-armstrong","category-politica","category-region","tag-anuncian-corte-en-autopista-para-que-todos-vean-como-esta-la-ruta-9"],"jetpack_publicize_connections":[],"jetpack_featured_media_url":"https:\/\/armstrongyregion.com.ar\/diario\/wp-content\/uploads\/2016\/12\/autop.jpg_1305449671.jpg","jetpack_shortlink":"https:\/\/wp.me\/p62QDO-2Q0","jetpack_sharing_enabled":true,"amp_enabled":true,"_links":{"self":[{"href":"https:\/\/armstrongyregion.com.ar\/diario\/wp-json\/wp\/v2\/posts\/10912","targetHints":{"allow":["GET"]}}],"collection":[{"href":"https:\/\/armstrongyregion.com.ar\/diario\/wp-json\/wp\/v2\/posts"}],"about":[{"href":"https:\/\/armstrongyregion.com.ar\/diario\/wp-json\/wp\/v2\/types\/post"}],"author":[{"embeddable":true,"href":"https:\/\/armstrongyregion.com.ar\/diario\/wp-json\/wp\/v2\/users\/1"}],"replies":[{"embeddable":true,"href":"https:\/\/armstrongyregion.com.ar\/diario\/wp-json\/wp\/v2\/comments?post=10912"}],"version-history":[{"count":0,"href":"https:\/\/armstrongyregion.com.ar\/diario\/wp-json\/wp\/v2\/posts\/10912\/revisions"}],"wp:featuredmedia":[{"embeddable":true,"href":"https:\/\/armstrongyregion.com.ar\/diario\/wp-json\/wp\/v2\/media\/10913"}],"wp:attachment":[{"href":"https:\/\/armstrongyregion.com.ar\/diario\/wp-json\/wp\/v2\/media?parent=10912"}],"wp:term":[{"taxonomy":"category","embeddable":true,"href":"https:\/\/armstrongyregion.com.ar\/diario\/wp-json\/wp\/v2\/categories?post=10912"},{"taxonomy":"post_tag","embeddable":true,"href":"https:\/\/armstrongyregion.com.ar\/diario\/wp-json\/wp\/v2\/tags?post=10912"}],"curies":[{"name":"wp","href":"https:\/\/api.w.org\/{rel}","templated":true}]}}