{"id":10905,"date":"2016-12-07T22:46:37","date_gmt":"2016-12-07T22:46:37","guid":{"rendered":"https:\/\/armstrongyregion.com.ar\/diario\/?p=10905"},"modified":"2016-12-07T22:46:37","modified_gmt":"2016-12-07T22:46:37","slug":"los-caminos-santafesinos-se-unieron-en-la-fiesta-de-los-pueblos","status":"publish","type":"post","link":"https:\/\/armstrongyregion.com.ar\/diario\/los-caminos-santafesinos-se-unieron-en-la-fiesta-de-los-pueblos\/","title":{"rendered":"Los caminos santafesinos se unieron en la \u201cFiesta de los Pueblos\u201d"},"content":{"rendered":"<p><a href=\"http:\/\/armstrongyregion.com.ar\/diario\/wp-content\/uploads\/2016\/12\/Fiesta-pueblos-.jpg\"><img loading=\"lazy\" decoding=\"async\" src=\"http:\/\/armstrongyregion.com.ar\/diario\/wp-content\/uploads\/2016\/12\/Fiesta-pueblos--300x199.jpg\" alt=\"fiesta-pueblos\" width=\"300\" height=\"199\" class=\"alignnone size-medium wp-image-10906\" srcset=\"https:\/\/armstrongyregion.com.ar\/diario\/wp-content\/uploads\/2016\/12\/Fiesta-pueblos--300x199.jpg 300w, https:\/\/armstrongyregion.com.ar\/diario\/wp-content\/uploads\/2016\/12\/Fiesta-pueblos-.jpg 768w\" sizes=\"auto, (max-width: 300px) 100vw, 300px\" \/><\/a>Una vez m\u00e1s la capital provincial, recibi\u00f3 y logr\u00f3 durante el \u00faltimo domingo 4 de diciembre unificar el aut\u00e9ntico \u00abser\u00bb santafesino.<\/p>\n<p>Los caminos de este rico y productivo territorio que abraza en sus regiones a las distintas diversidades expuestas en cultura, realidades, tiempos, costumbres, paisajes y sue\u00f1os visibilizados en cada pertenencia dijeron presentes en las modernas instalaciones del Complejo Institucional de FESTRAM.<\/p>\n<p>Ante una sala colmada de santafesinos que llegaron desde distintos rincones de la \u201cbota invencible\u201d; los kil\u00f3metros se conjugaban con el clima que expand\u00eda aromas de integraci\u00f3n, identidad y coronaci\u00f3n por un nuevo encuentro.<\/p>\n<p>Una nueva edici\u00f3n de la \u201cFiesta de los Pueblos\u201d, se pon\u00eda en marcha, con el objetivo de reconocer a los distintos referentes participantes y protagonistas que formaron parte del proceso de acci\u00f3n cultural 2016.<\/p>\n<p>El acto cont\u00f3 con la presencia de la Diputada Provincial Claudia Giaccone, el Presidente del Ente Cultural Santafesino Lic. Leonardo Carrozza, el Secretario General de FESTRAM Claudio Leoni, el Secretario de Gobierno de la Provincia de Santa Fe CPN Mariano Cuvertino, Intendentes y Presidentes Comunales junto a los Secretarios, Directores y Referentes Culturales de las 102 comunidades que se encuentran adheridas a dicho espacio cultural territorial.<\/p>\n<p>La \u201cFiesta de los Pueblos\u201d permite difundir y promover el quehacer cultural de los pueblos y ciudades de la provincia de Santa Fe; permitiendo la entrega de las producciones y reconocimientos de los distintos Programas Culturales difundidos durante el proceso cultural 2016, entre los que se destacan: \u201cForma y Color\u201d, \u201cDe Pueblo en Pueblo\u201d, \u201cClave de Cuento\u201d, \u201cLa Br\u00fajula Cultural\u201d, \u201cHacelo Corto\u201d,  \u201cCant\u00e1 Conmigo\u201d, \u201cCoolTURA\u201d , \u201cCompartiendo Cultura\u201d, \u00abHistoria de Poetas Santafesinos\u00bb \u00abElencos Nacionales\u00bb, \u00abPuebloman\u00eda\u00bb, \u00abColores para jugar\u00bb, \u00abSalve Argentina\u00bb, \u00abO\u00edd Mortales\u00bb, \u00abCANTA FE\u00bb y \u00ab\u00c1mbito C\u00bb.<\/p>\n<p>Palabras<\/p>\n<p>Leonardo Carrozza-Presidente del ECS manifest\u00f3 su alegr\u00eda y emoci\u00f3n por lo logrado durante todo este 2016. \u00abHoy m\u00e1s que nunca ver\u00e1n reflejado el maravilloso camino recorrido con la presencia en toda Santa Fe a trav\u00e9s de los programas que brinda el Ente Cultural Santafesino y la presencia de un equipo que llega de la mano de nuestros Directores de Usinas\u00bb.<\/p>\n<p>\u00abMuch\u00edsimas gracias por formar parte de este espacio que crece d\u00eda a d\u00eda, con el prop\u00f3sito de originar una verdadera integraci\u00f3n cultural\u00bb<\/p>\n<p>Diputada Provincial Claudia Giaccone remarc\u00f3 su compromiso con el Ente Cultural. \u00abEsta maravillosa herramienta de inclusi\u00f3n y participaci\u00f3n nos permite todos los d\u00edas realizar un rastrillaje integro y verdadero en cada rinc\u00f3n de nuestra provincia. \u00abEl Ente Cultural Santafesino no viene a competir con nadie, al contrario, viene a sumar y aportar un trabajo verdadero que nace desde adentro, desde el interior de una provincia que tiene mucho para dar y seguir descubriendo\u00bb<\/p>\n<p>\u00abM\u00fasica y Humor\u00bb<\/p>\n<p>El evento cont\u00f3 con la presencia art\u00edstica de algunos de los participantes (acordeonistas) del audiovisual \u00abLos Caminos del Acorde\u00f3n\u00bb, m\u00fasicos pertenecientes al Liceo Municipal de Tostado ejecutando el Himno Nacional (O\u00edd Mortales) y el humor de Fernando \u00abEl Gringo\u00bb Boever, recorriendo historias y an\u00e9cdotas de distintos personajes de los pueblos santafesinos.<\/p>\n<p>\u00abYo soy Juan&#8230;\u00bb<\/p>\n<p>El Premio Provincial \u00abJulio Migno\u00bb lleg\u00f3 a la capital provincial para ser entregado al Profesor Juan Antonio Kluczkiewicz (Ver aparte)<\/p>\n<p>La \u201cFiesta de los Pueblos\u201d es encuentro, integraci\u00f3n, es presencia, uniendo a los pueblos, respetando realidades, tendiendo redes, haciendo vibrar al hombre y mujer de cada rinc\u00f3n provincial que tiene algo que mostrar y que quiere hacer trascender su realidad, haciendo conocer su orgullo y su pertenencia&#8230;<\/p>\n","protected":false},"excerpt":{"rendered":"<p>Una vez m\u00e1s la capital provincial, recibi\u00f3 y logr\u00f3 durante el \u00faltimo domingo 4 de diciembre unificar el aut\u00e9ntico \u00abser\u00bb santafesino. Los caminos de este rico y productivo territorio que abraza en sus regiones a las distintas diversidades expuestas en cultura, realidades, tiempos, costumbres, paisajes y sue\u00f1os visibilizados en cada pertenencia dijeron presentes en las <a href=\"https:\/\/armstrongyregion.com.ar\/diario\/los-caminos-santafesinos-se-unieron-en-la-fiesta-de-los-pueblos\/\" title=\"Read more\" >&#8230;<\/a><\/p>\n","protected":false},"author":1,"featured_media":10906,"comment_status":"open","ping_status":"open","sticky":false,"template":"","format":"standard","meta":{"_jetpack_memberships_contains_paid_content":false,"footnotes":"","jetpack_publicize_message":"","jetpack_publicize_feature_enabled":true,"jetpack_social_post_already_shared":false,"jetpack_social_options":{"image_generator_settings":{"template":"highway","default_image_id":0,"enabled":false},"version":2}},"categories":[6,1,3],"tags":[4757],"class_list":["post-10905","post","type-post","status-publish","format-standard","has-post-thumbnail","hentry","category-cultura-entretenimiento","category-diario-armstrong","category-region","tag-los-caminos-santafesinos-se-unieron-en-la-fiesta-de-los-pueblos"],"jetpack_publicize_connections":[],"jetpack_featured_media_url":"https:\/\/armstrongyregion.com.ar\/diario\/wp-content\/uploads\/2016\/12\/Fiesta-pueblos-.jpg","jetpack_shortlink":"https:\/\/wp.me\/p62QDO-2PT","jetpack_sharing_enabled":true,"amp_enabled":true,"_links":{"self":[{"href":"https:\/\/armstrongyregion.com.ar\/diario\/wp-json\/wp\/v2\/posts\/10905","targetHints":{"allow":["GET"]}}],"collection":[{"href":"https:\/\/armstrongyregion.com.ar\/diario\/wp-json\/wp\/v2\/posts"}],"about":[{"href":"https:\/\/armstrongyregion.com.ar\/diario\/wp-json\/wp\/v2\/types\/post"}],"author":[{"embeddable":true,"href":"https:\/\/armstrongyregion.com.ar\/diario\/wp-json\/wp\/v2\/users\/1"}],"replies":[{"embeddable":true,"href":"https:\/\/armstrongyregion.com.ar\/diario\/wp-json\/wp\/v2\/comments?post=10905"}],"version-history":[{"count":0,"href":"https:\/\/armstrongyregion.com.ar\/diario\/wp-json\/wp\/v2\/posts\/10905\/revisions"}],"wp:featuredmedia":[{"embeddable":true,"href":"https:\/\/armstrongyregion.com.ar\/diario\/wp-json\/wp\/v2\/media\/10906"}],"wp:attachment":[{"href":"https:\/\/armstrongyregion.com.ar\/diario\/wp-json\/wp\/v2\/media?parent=10905"}],"wp:term":[{"taxonomy":"category","embeddable":true,"href":"https:\/\/armstrongyregion.com.ar\/diario\/wp-json\/wp\/v2\/categories?post=10905"},{"taxonomy":"post_tag","embeddable":true,"href":"https:\/\/armstrongyregion.com.ar\/diario\/wp-json\/wp\/v2\/tags?post=10905"}],"curies":[{"name":"wp","href":"https:\/\/api.w.org\/{rel}","templated":true}]}}