{"id":109,"date":"2014-12-24T05:34:56","date_gmt":"2014-12-24T05:34:56","guid":{"rendered":"https:\/\/armstrongyregion.com.ar\/diario\/?p=109"},"modified":"2014-12-24T05:34:56","modified_gmt":"2014-12-24T05:34:56","slug":"proemplear-en-las-parejas","status":"publish","type":"post","link":"https:\/\/armstrongyregion.com.ar\/diario\/proemplear-en-las-parejas\/","title":{"rendered":"Proemplear en Las Parejas."},"content":{"rendered":"<p><a href=\"http:\/\/armstrongyregion.com.ar\/diario\/wp-content\/uploads\/2014\/12\/Foto1153.jpg\"><img loading=\"lazy\" decoding=\"async\" class=\"alignnone size-medium wp-image-110\" src=\"http:\/\/armstrongyregion.com.ar\/diario\/wp-content\/uploads\/2014\/12\/Foto1153-300x175.jpg\" alt=\"Proemplear Las Parejas.\" width=\"300\" height=\"175\" srcset=\"https:\/\/armstrongyregion.com.ar\/diario\/wp-content\/uploads\/2014\/12\/Foto1153-300x175.jpg 300w, https:\/\/armstrongyregion.com.ar\/diario\/wp-content\/uploads\/2014\/12\/Foto1153.jpg 514w\" sizes=\"auto, (max-width: 300px) 100vw, 300px\" \/><\/a>Los d\u00edas 2 y 18 de diciembre la Oficina de Empleo Municipal desarroll\u00f3, en articulaci\u00f3n con el Ministerio de Trabajo de la Naci\u00f3n, mesas de trabajo en las que se brindaron detalles acerca del trabajo que se viene realizando en materia de intermediaci\u00f3n laboral, oferta de capacitaciones y promoci\u00f3n del empleo registrado y se dieron a conocer nuevos beneficios a los que pueden acceder los empleadores y trabajadores a trav\u00e9s de PRO.EMPLE.AR. Dichos encuentros se realizaron en colaboraci\u00f3n con el Centro Industrial y con el Centro Comercial y de Servicios de Las Parejas y en ambos casos contaron con una nutrida concurrencia. PRO.EMPLE.AR re\u00fane un conjunto de herramientas destinadas a proteger los puestos de trabajo, promover el empleo registrado y facilitar la inserci\u00f3n laboral. Desde la Oficina de Empleo se est\u00e1 trabajando especialmente en la generaci\u00f3n de oportunidades de inclusi\u00f3n social y laboral a trav\u00e9s de la articulaci\u00f3n con el sector privado ofreciendo servicios de promoci\u00f3n del empleo como el Programa de Inserci\u00f3n Laboral y las Acciones de Entrenamiento para el Trabajo. Todo lo anterior se complementa con lo estipulado en la Ley N\u00b0 26.940 de Promoci\u00f3n del Trabajo Registrado y Prevenci\u00f3n del Fraude Laboral, que suma un nuevo mecanismo de protecci\u00f3n y promoci\u00f3n del empleo de calidad. El R\u00e9gimen de Contribuciones a la Seguridad Social para Microempleadores y el R\u00e9gimen de Promoci\u00f3n a la Contrataci\u00f3n de Trabajo Registrado, incluidos en dicha legislaci\u00f3n, estipulan reducciones en las contribuciones patronales, otorgando incentivos para que las empresas generen nuevos empleos registrados y regularicen la situaci\u00f3n de sus trabajadores.<\/p>\n","protected":false},"excerpt":{"rendered":"<p>Los d\u00edas 2 y 18 de diciembre la Oficina de Empleo Municipal desarroll\u00f3, en articulaci\u00f3n con el Ministerio de Trabajo de la Naci\u00f3n, mesas de trabajo en las que se brindaron detalles acerca del trabajo que se viene realizando en materia de intermediaci\u00f3n laboral, oferta de capacitaciones y promoci\u00f3n del empleo registrado y se dieron <a href=\"https:\/\/armstrongyregion.com.ar\/diario\/proemplear-en-las-parejas\/\" title=\"Read more\" >&#8230;<\/a><\/p>\n","protected":false},"author":2,"featured_media":0,"comment_status":"open","ping_status":"open","sticky":false,"template":"","format":"standard","meta":{"_jetpack_memberships_contains_paid_content":false,"footnotes":"","jetpack_publicize_message":"","jetpack_publicize_feature_enabled":true,"jetpack_social_post_already_shared":false,"jetpack_social_options":{"image_generator_settings":{"template":"highway","default_image_id":0,"enabled":false},"version":2}},"categories":[1,3],"tags":[49,15,23,24,48],"class_list":["post-109","post","type-post","status-publish","format-standard","hentry","category-diario-armstrong","category-region","tag-49","tag-en","tag-las","tag-parejas","tag-proemplear"],"jetpack_publicize_connections":[],"jetpack_featured_media_url":"","jetpack_shortlink":"https:\/\/wp.me\/p62QDO-1L","jetpack_sharing_enabled":true,"amp_enabled":true,"_links":{"self":[{"href":"https:\/\/armstrongyregion.com.ar\/diario\/wp-json\/wp\/v2\/posts\/109","targetHints":{"allow":["GET"]}}],"collection":[{"href":"https:\/\/armstrongyregion.com.ar\/diario\/wp-json\/wp\/v2\/posts"}],"about":[{"href":"https:\/\/armstrongyregion.com.ar\/diario\/wp-json\/wp\/v2\/types\/post"}],"author":[{"embeddable":true,"href":"https:\/\/armstrongyregion.com.ar\/diario\/wp-json\/wp\/v2\/users\/2"}],"replies":[{"embeddable":true,"href":"https:\/\/armstrongyregion.com.ar\/diario\/wp-json\/wp\/v2\/comments?post=109"}],"version-history":[{"count":0,"href":"https:\/\/armstrongyregion.com.ar\/diario\/wp-json\/wp\/v2\/posts\/109\/revisions"}],"wp:attachment":[{"href":"https:\/\/armstrongyregion.com.ar\/diario\/wp-json\/wp\/v2\/media?parent=109"}],"wp:term":[{"taxonomy":"category","embeddable":true,"href":"https:\/\/armstrongyregion.com.ar\/diario\/wp-json\/wp\/v2\/categories?post=109"},{"taxonomy":"post_tag","embeddable":true,"href":"https:\/\/armstrongyregion.com.ar\/diario\/wp-json\/wp\/v2\/tags?post=109"}],"curies":[{"name":"wp","href":"https:\/\/api.w.org\/{rel}","templated":true}]}}