{"id":10899,"date":"2016-12-07T02:38:07","date_gmt":"2016-12-07T02:38:07","guid":{"rendered":"https:\/\/armstrongyregion.com.ar\/diario\/?p=10899"},"modified":"2016-12-07T02:38:07","modified_gmt":"2016-12-07T02:38:07","slug":"armstrong-festival-de-danzas-clasicas-y-jazz","status":"publish","type":"post","link":"https:\/\/armstrongyregion.com.ar\/diario\/armstrong-festival-de-danzas-clasicas-y-jazz\/","title":{"rendered":"Armstrong. Festival de danzas cl\u00e1sicas y jazz."},"content":{"rendered":"<p><a href=\"http:\/\/armstrongyregion.com.ar\/diario\/wp-content\/uploads\/2016\/12\/Festival.jpg\"><img loading=\"lazy\" decoding=\"async\" src=\"http:\/\/armstrongyregion.com.ar\/diario\/wp-content\/uploads\/2016\/12\/Festival-300x200.jpg\" alt=\"festival\" width=\"300\" height=\"200\" class=\"alignnone size-medium wp-image-10900\" srcset=\"https:\/\/armstrongyregion.com.ar\/diario\/wp-content\/uploads\/2016\/12\/Festival-300x200.jpg 300w, https:\/\/armstrongyregion.com.ar\/diario\/wp-content\/uploads\/2016\/12\/Festival.jpg 768w\" sizes=\"auto, (max-width: 300px) 100vw, 300px\" \/><\/a>La Municipalidad de Armstrong mediante la Secretar\u00eda de Educaci\u00f3n, Cultura y Deporte invita al V festival anual del taller de danzas cl\u00e1sicas y jazz que se realizar\u00e1 el domingo 11 de diciembre a las 19 hs. en la sala Iris Marga.<\/p>\n<p> Esta actividad que est\u00e1 dirigida por la Prof. Virginia De Bonis se desarrolla a lo largo de todo el a\u00f1o con la asistencia de ni\u00f1as muy peque\u00f1as hasta adolescentes, desarrollando en ellas la flexibilidad y la coordinaci\u00f3n, con movimientos muy delicados.<\/p>\n<p> En esta oportunidad, el taller ballet que lleva el nombre \u201cMovimientos del Alma\u201d presenta el espect\u00e1culo \u201cCenicienta\u201d, con la participaci\u00f3n de todo el alumnado e invitados especiales: Mart\u00edn Barboza, bailar\u00edn del Ballet Ruso (Teatro El C\u00edrculo de Rosario); Mat\u00edas Sacco, bailar\u00edn integral de la Escuela de Flavio Mendoza, y tambi\u00e9n m\u00fasicos invitados: D\u00fao Bebacqua.<\/p>\n<p>La entrada tiene un costo de $ 130.<\/p>\n","protected":false},"excerpt":{"rendered":"<p>La Municipalidad de Armstrong mediante la Secretar\u00eda de Educaci\u00f3n, Cultura y Deporte invita al V festival anual del taller de danzas cl\u00e1sicas y jazz que se realizar\u00e1 el domingo 11 de diciembre a las 19 hs. en la sala Iris Marga. Esta actividad que est\u00e1 dirigida por la Prof. Virginia De Bonis se desarrolla a <a href=\"https:\/\/armstrongyregion.com.ar\/diario\/armstrong-festival-de-danzas-clasicas-y-jazz\/\" title=\"Read more\" >&#8230;<\/a><\/p>\n","protected":false},"author":1,"featured_media":10900,"comment_status":"open","ping_status":"open","sticky":false,"template":"","format":"standard","meta":{"_jetpack_memberships_contains_paid_content":false,"footnotes":"","jetpack_publicize_message":"","jetpack_publicize_feature_enabled":true,"jetpack_social_post_already_shared":false,"jetpack_social_options":{"image_generator_settings":{"template":"highway","default_image_id":0,"enabled":false},"version":2}},"categories":[6,1,2],"tags":[20,4755],"class_list":["post-10899","post","type-post","status-publish","format-standard","has-post-thumbnail","hentry","category-cultura-entretenimiento","category-diario-armstrong","category-locales","tag-armstrong","tag-festival-de-danzas-clasicas-y-jazz"],"jetpack_publicize_connections":[],"jetpack_featured_media_url":"https:\/\/armstrongyregion.com.ar\/diario\/wp-content\/uploads\/2016\/12\/Festival.jpg","jetpack_shortlink":"https:\/\/wp.me\/p62QDO-2PN","jetpack_sharing_enabled":true,"amp_enabled":true,"_links":{"self":[{"href":"https:\/\/armstrongyregion.com.ar\/diario\/wp-json\/wp\/v2\/posts\/10899","targetHints":{"allow":["GET"]}}],"collection":[{"href":"https:\/\/armstrongyregion.com.ar\/diario\/wp-json\/wp\/v2\/posts"}],"about":[{"href":"https:\/\/armstrongyregion.com.ar\/diario\/wp-json\/wp\/v2\/types\/post"}],"author":[{"embeddable":true,"href":"https:\/\/armstrongyregion.com.ar\/diario\/wp-json\/wp\/v2\/users\/1"}],"replies":[{"embeddable":true,"href":"https:\/\/armstrongyregion.com.ar\/diario\/wp-json\/wp\/v2\/comments?post=10899"}],"version-history":[{"count":0,"href":"https:\/\/armstrongyregion.com.ar\/diario\/wp-json\/wp\/v2\/posts\/10899\/revisions"}],"wp:featuredmedia":[{"embeddable":true,"href":"https:\/\/armstrongyregion.com.ar\/diario\/wp-json\/wp\/v2\/media\/10900"}],"wp:attachment":[{"href":"https:\/\/armstrongyregion.com.ar\/diario\/wp-json\/wp\/v2\/media?parent=10899"}],"wp:term":[{"taxonomy":"category","embeddable":true,"href":"https:\/\/armstrongyregion.com.ar\/diario\/wp-json\/wp\/v2\/categories?post=10899"},{"taxonomy":"post_tag","embeddable":true,"href":"https:\/\/armstrongyregion.com.ar\/diario\/wp-json\/wp\/v2\/tags?post=10899"}],"curies":[{"name":"wp","href":"https:\/\/api.w.org\/{rel}","templated":true}]}}