{"id":10890,"date":"2016-12-07T01:57:47","date_gmt":"2016-12-07T01:57:47","guid":{"rendered":"https:\/\/armstrongyregion.com.ar\/diario\/?p=10890"},"modified":"2016-12-07T01:57:47","modified_gmt":"2016-12-07T01:57:47","slug":"la-camara-de-diputados-de-santa-fe-homenajeara-a-pena-el-amanecer-de-correa","status":"publish","type":"post","link":"https:\/\/armstrongyregion.com.ar\/diario\/la-camara-de-diputados-de-santa-fe-homenajeara-a-pena-el-amanecer-de-correa\/","title":{"rendered":"La c\u00e1mara de Diputados de Santa Fe homenajear\u00e1 a \u00abPe\u00f1a el Amanecer\u00bb de Correa."},"content":{"rendered":"<p><a href=\"http:\/\/armstrongyregion.com.ar\/diario\/wp-content\/uploads\/2016\/12\/pe\u00f1a-el-amanecer-061216-1.png\"><img loading=\"lazy\" decoding=\"async\" src=\"http:\/\/armstrongyregion.com.ar\/diario\/wp-content\/uploads\/2016\/12\/pe\u00f1a-el-amanecer-061216-1-300x131.png\" alt=\"pena-el-amanecer-061216-1\" width=\"300\" height=\"131\" class=\"alignnone size-medium wp-image-10891\" srcset=\"https:\/\/armstrongyregion.com.ar\/diario\/wp-content\/uploads\/2016\/12\/pe\u00f1a-el-amanecer-061216-1-300x131.png 300w, https:\/\/armstrongyregion.com.ar\/diario\/wp-content\/uploads\/2016\/12\/pe\u00f1a-el-amanecer-061216-1.png 768w\" sizes=\"auto, (max-width: 300px) 100vw, 300px\" \/><\/a>Este mi\u00e9rcoles 7 de diciembre a las 11 horas, en el hall de la Legislatura santafesina, se brindar\u00e1 homenaje a \u201cPe\u00f1a El Amanecer\u201d de Correa, por sus 41 a\u00f1os de trabajo promoviendo el folklore y las danzas nacionales.<\/p>\n<p>\u201cHe propuesto el merecido reconocimiento para esta instituci\u00f3n que ha hecho todo su recorrido trabajando de manera gratuita y con el esfuerzo de su comisi\u00f3n directiva e integrantes para solventar docentes, vestuarios, encuentros, giras. Realizando adem\u00e1s una enorme tarea social y cultural\u201d, dice la diputada Claudia Giaccone. \u201cLa C\u00e1mara de Diputados ha aprobado la iniciativa de homenajearlos y es entonces invitamos a todos a acompa\u00f1arlos en este importante momento.\u201d<\/p>\n","protected":false},"excerpt":{"rendered":"<p>Este mi\u00e9rcoles 7 de diciembre a las 11 horas, en el hall de la Legislatura santafesina, se brindar\u00e1 homenaje a \u201cPe\u00f1a El Amanecer\u201d de Correa, por sus 41 a\u00f1os de trabajo promoviendo el folklore y las danzas nacionales. \u201cHe propuesto el merecido reconocimiento para esta instituci\u00f3n que ha hecho todo su recorrido trabajando de manera <a href=\"https:\/\/armstrongyregion.com.ar\/diario\/la-camara-de-diputados-de-santa-fe-homenajeara-a-pena-el-amanecer-de-correa\/\" title=\"Read more\" >&#8230;<\/a><\/p>\n","protected":false},"author":1,"featured_media":10891,"comment_status":"open","ping_status":"open","sticky":false,"template":"","format":"standard","meta":{"_jetpack_memberships_contains_paid_content":false,"footnotes":"","jetpack_publicize_message":"","jetpack_publicize_feature_enabled":true,"jetpack_social_post_already_shared":false,"jetpack_social_options":{"image_generator_settings":{"template":"highway","default_image_id":0,"enabled":false},"version":2}},"categories":[6,1,3],"tags":[4752],"class_list":["post-10890","post","type-post","status-publish","format-standard","has-post-thumbnail","hentry","category-cultura-entretenimiento","category-diario-armstrong","category-region","tag-la-camara-de-diputados-de-santa-fe-homenajeara-a-pena-el-amanecer-de-correa"],"jetpack_publicize_connections":[],"jetpack_featured_media_url":"https:\/\/armstrongyregion.com.ar\/diario\/wp-content\/uploads\/2016\/12\/pe\u00f1a-el-amanecer-061216-1.png","jetpack_shortlink":"https:\/\/wp.me\/p62QDO-2PE","jetpack_sharing_enabled":true,"amp_enabled":true,"_links":{"self":[{"href":"https:\/\/armstrongyregion.com.ar\/diario\/wp-json\/wp\/v2\/posts\/10890","targetHints":{"allow":["GET"]}}],"collection":[{"href":"https:\/\/armstrongyregion.com.ar\/diario\/wp-json\/wp\/v2\/posts"}],"about":[{"href":"https:\/\/armstrongyregion.com.ar\/diario\/wp-json\/wp\/v2\/types\/post"}],"author":[{"embeddable":true,"href":"https:\/\/armstrongyregion.com.ar\/diario\/wp-json\/wp\/v2\/users\/1"}],"replies":[{"embeddable":true,"href":"https:\/\/armstrongyregion.com.ar\/diario\/wp-json\/wp\/v2\/comments?post=10890"}],"version-history":[{"count":0,"href":"https:\/\/armstrongyregion.com.ar\/diario\/wp-json\/wp\/v2\/posts\/10890\/revisions"}],"wp:featuredmedia":[{"embeddable":true,"href":"https:\/\/armstrongyregion.com.ar\/diario\/wp-json\/wp\/v2\/media\/10891"}],"wp:attachment":[{"href":"https:\/\/armstrongyregion.com.ar\/diario\/wp-json\/wp\/v2\/media?parent=10890"}],"wp:term":[{"taxonomy":"category","embeddable":true,"href":"https:\/\/armstrongyregion.com.ar\/diario\/wp-json\/wp\/v2\/categories?post=10890"},{"taxonomy":"post_tag","embeddable":true,"href":"https:\/\/armstrongyregion.com.ar\/diario\/wp-json\/wp\/v2\/tags?post=10890"}],"curies":[{"name":"wp","href":"https:\/\/api.w.org\/{rel}","templated":true}]}}