{"id":10883,"date":"2016-12-06T13:02:06","date_gmt":"2016-12-06T13:02:06","guid":{"rendered":"https:\/\/armstrongyregion.com.ar\/diario\/?p=10883"},"modified":"2016-12-06T13:02:06","modified_gmt":"2016-12-06T13:02:06","slug":"este-martes-en-deliberando-politica-y-produccion","status":"publish","type":"post","link":"https:\/\/armstrongyregion.com.ar\/diario\/este-martes-en-deliberando-politica-y-produccion\/","title":{"rendered":"Este martes en DELIBERANDO, pol\u00edtica y producci\u00f3n."},"content":{"rendered":"<p><a href=\"http:\/\/armstrongyregion.com.ar\/diario\/wp-content\/uploads\/2016\/12\/DSC_0293.jpg\"><img loading=\"lazy\" decoding=\"async\" src=\"http:\/\/armstrongyregion.com.ar\/diario\/wp-content\/uploads\/2016\/12\/DSC_0293-300x200.jpg\" alt=\"Augusto-Fischer-\" width=\"300\" height=\"200\" class=\"alignnone size-medium wp-image-10884\" srcset=\"https:\/\/armstrongyregion.com.ar\/diario\/wp-content\/uploads\/2016\/12\/DSC_0293-300x200.jpg 300w, https:\/\/armstrongyregion.com.ar\/diario\/wp-content\/uploads\/2016\/12\/DSC_0293-1024x683.jpg 1024w\" sizes=\"auto, (max-width: 300px) 100vw, 300px\" \/><\/a>El Dr. Augusto Fischer analiza el cierre de a\u00f1o del Concejo Deliberante de Armstrong. Como est\u00e1 la ciudad, los vecinos pueden decirlo, marc\u00f3 el edil. Cuando comienza su campa\u00f1a camino a la intendencia en 2017. El peronismo de Armstrong en qu\u00e9 estado se encuentra. Habr\u00e1 interna para las elecciones a intendente?<br \/>\n<a href=\"http:\/\/armstrongyregion.com.ar\/diario\/wp-content\/uploads\/2016\/12\/DSC_0296.jpg\"><img loading=\"lazy\" decoding=\"async\" src=\"http:\/\/armstrongyregion.com.ar\/diario\/wp-content\/uploads\/2016\/12\/DSC_0296-300x200.jpg\" alt=\"Omar-Salda\u00f1o-Agroactiva-\" width=\"300\" height=\"200\" class=\"alignnone size-medium wp-image-10885\" srcset=\"https:\/\/armstrongyregion.com.ar\/diario\/wp-content\/uploads\/2016\/12\/DSC_0296-300x200.jpg 300w, https:\/\/armstrongyregion.com.ar\/diario\/wp-content\/uploads\/2016\/12\/DSC_0296-1024x683.jpg 1024w\" sizes=\"auto, (max-width: 300px) 100vw, 300px\" \/><\/a>Una ilusi\u00f3n empresaria que a trav\u00e9s del tiempo se transform\u00f3 en realidad y hoy es la muestra m\u00e1s importante del agro, la industria y la ganader\u00eda del pa\u00eds AGROACTIVA vuelve a su cuna. Sensaciones de Omar Salda\u00f1o, gerente de comercializaci\u00f3n de la empresa ahora radicada en Pergamino y tiene a esta zona como eje de sus exposiciones.<br \/>\nTodo este martes en DELIBERANDO, con la conducci\u00f3n de la licenciada Graciela de la Casa, Ezequiel Piccoli y Oscar Crispino.<br \/>\nMartes 21hs. CableImagenArmstrong-<br \/>\nJueves 22hs CableVision-<\/p>\n","protected":false},"excerpt":{"rendered":"<p>El Dr. Augusto Fischer analiza el cierre de a\u00f1o del Concejo Deliberante de Armstrong. Como est\u00e1 la ciudad, los vecinos pueden decirlo, marc\u00f3 el edil. Cuando comienza su campa\u00f1a camino a la intendencia en 2017. El peronismo de Armstrong en qu\u00e9 estado se encuentra. Habr\u00e1 interna para las elecciones a intendente? Una ilusi\u00f3n empresaria que <a href=\"https:\/\/armstrongyregion.com.ar\/diario\/este-martes-en-deliberando-politica-y-produccion\/\" title=\"Read more\" >&#8230;<\/a><\/p>\n","protected":false},"author":1,"featured_media":10884,"comment_status":"open","ping_status":"open","sticky":false,"template":"","format":"standard","meta":{"_jetpack_memberships_contains_paid_content":false,"footnotes":"","jetpack_publicize_message":"","jetpack_publicize_feature_enabled":true,"jetpack_social_post_already_shared":false,"jetpack_social_options":{"image_generator_settings":{"template":"highway","default_image_id":0,"enabled":false},"version":2}},"categories":[8,1,2819,2,7,3],"tags":[1307,4750],"class_list":["post-10883","post","type-post","status-publish","format-standard","has-post-thumbnail","hentry","category-deliberando","category-diario-armstrong","category-el-pais","category-locales","category-politica","category-region","tag-este-martes-en-deliberando","tag-politica-y-produccion"],"jetpack_publicize_connections":[],"jetpack_featured_media_url":"https:\/\/armstrongyregion.com.ar\/diario\/wp-content\/uploads\/2016\/12\/DSC_0293.jpg","jetpack_shortlink":"https:\/\/wp.me\/p62QDO-2Px","jetpack_sharing_enabled":true,"amp_enabled":true,"_links":{"self":[{"href":"https:\/\/armstrongyregion.com.ar\/diario\/wp-json\/wp\/v2\/posts\/10883","targetHints":{"allow":["GET"]}}],"collection":[{"href":"https:\/\/armstrongyregion.com.ar\/diario\/wp-json\/wp\/v2\/posts"}],"about":[{"href":"https:\/\/armstrongyregion.com.ar\/diario\/wp-json\/wp\/v2\/types\/post"}],"author":[{"embeddable":true,"href":"https:\/\/armstrongyregion.com.ar\/diario\/wp-json\/wp\/v2\/users\/1"}],"replies":[{"embeddable":true,"href":"https:\/\/armstrongyregion.com.ar\/diario\/wp-json\/wp\/v2\/comments?post=10883"}],"version-history":[{"count":0,"href":"https:\/\/armstrongyregion.com.ar\/diario\/wp-json\/wp\/v2\/posts\/10883\/revisions"}],"wp:featuredmedia":[{"embeddable":true,"href":"https:\/\/armstrongyregion.com.ar\/diario\/wp-json\/wp\/v2\/media\/10884"}],"wp:attachment":[{"href":"https:\/\/armstrongyregion.com.ar\/diario\/wp-json\/wp\/v2\/media?parent=10883"}],"wp:term":[{"taxonomy":"category","embeddable":true,"href":"https:\/\/armstrongyregion.com.ar\/diario\/wp-json\/wp\/v2\/categories?post=10883"},{"taxonomy":"post_tag","embeddable":true,"href":"https:\/\/armstrongyregion.com.ar\/diario\/wp-json\/wp\/v2\/tags?post=10883"}],"curies":[{"name":"wp","href":"https:\/\/api.w.org\/{rel}","templated":true}]}}