{"id":10843,"date":"2016-12-03T19:29:13","date_gmt":"2016-12-03T19:29:13","guid":{"rendered":"https:\/\/armstrongyregion.com.ar\/diario\/?p=10843"},"modified":"2016-12-03T19:29:13","modified_gmt":"2016-12-03T19:29:13","slug":"feria-de-fin-de-ano-de-sabores-y-colores-locales","status":"publish","type":"post","link":"https:\/\/armstrongyregion.com.ar\/diario\/feria-de-fin-de-ano-de-sabores-y-colores-locales\/","title":{"rendered":"Feria de fin de a\u00f1o de Sabores y Colores Locales."},"content":{"rendered":"<p><a href=\"http:\/\/armstrongyregion.com.ar\/diario\/wp-content\/uploads\/2016\/12\/feria-4-diciembre-2016.jpg\"><img loading=\"lazy\" decoding=\"async\" src=\"http:\/\/armstrongyregion.com.ar\/diario\/wp-content\/uploads\/2016\/12\/feria-4-diciembre-2016-300x210.jpg\" alt=\"feria-4-diciembre-2016\" width=\"300\" height=\"210\" class=\"alignnone size-medium wp-image-10844\" srcset=\"https:\/\/armstrongyregion.com.ar\/diario\/wp-content\/uploads\/2016\/12\/feria-4-diciembre-2016-300x210.jpg 300w, https:\/\/armstrongyregion.com.ar\/diario\/wp-content\/uploads\/2016\/12\/feria-4-diciembre-2016-1024x718.jpg 1024w\" sizes=\"auto, (max-width: 300px) 100vw, 300px\" \/><\/a>La Municipalidad de Armstrong invita a disfrutar de una tarde distinta en la feria de fin de a\u00f1o de Sabores y Colores Locales que se realizar\u00e1 el domingo 4 de diciembre desde las 16 hs. en el paseo artesanal del parque Bracito Fuerte.<\/p>\n<p> Visto la cercan\u00eda con las fechas de Navidad, A\u00f1o Nuevo y Reyes se presentar\u00e1n una importante cantidad de stands de emprendedores de nuestra ciudad y otros que llegan invitados desde distintas localidades de la provincia.<\/p>\n<p> Se ofrecer\u00e1n tambi\u00e9n n\u00fameros art\u00edsticos con la presentaci\u00f3n de Grupo Catarsis Tributo a Ulises Bueno, Dar\u00edo y la Nueva Sensaci\u00f3n, grupo de danzas latinoamericanas Warmi, OZME GM, Grupo de danzas folcl\u00f3ricas Francisco Maldonado, y clases abiertas de zumba para ni\u00f1os y adultos.<\/p>\n<p> El buffet estar\u00e1 a cargo del grupo de zumba, con Romi Carrillo. Se suspende en caso de lluvia. <\/p>\n<p> Ser\u00e1 una linda oportunidad para comprar los regalos para los seres queridos y, al mismo tiempo, fortalecer el comercio social.<\/p>\n","protected":false},"excerpt":{"rendered":"<p>La Municipalidad de Armstrong invita a disfrutar de una tarde distinta en la feria de fin de a\u00f1o de Sabores y Colores Locales que se realizar\u00e1 el domingo 4 de diciembre desde las 16 hs. en el paseo artesanal del parque Bracito Fuerte. Visto la cercan\u00eda con las fechas de Navidad, A\u00f1o Nuevo y Reyes <a href=\"https:\/\/armstrongyregion.com.ar\/diario\/feria-de-fin-de-ano-de-sabores-y-colores-locales\/\" title=\"Read more\" >&#8230;<\/a><\/p>\n","protected":false},"author":1,"featured_media":10844,"comment_status":"open","ping_status":"open","sticky":false,"template":"","format":"standard","meta":{"_jetpack_memberships_contains_paid_content":false,"footnotes":"","jetpack_publicize_message":"","jetpack_publicize_feature_enabled":true,"jetpack_social_post_already_shared":false,"jetpack_social_options":{"image_generator_settings":{"template":"highway","default_image_id":0,"enabled":false},"version":2}},"categories":[6,1,2],"tags":[],"class_list":["post-10843","post","type-post","status-publish","format-standard","has-post-thumbnail","hentry","category-cultura-entretenimiento","category-diario-armstrong","category-locales"],"jetpack_publicize_connections":[],"jetpack_featured_media_url":"https:\/\/armstrongyregion.com.ar\/diario\/wp-content\/uploads\/2016\/12\/feria-4-diciembre-2016.jpg","jetpack_shortlink":"https:\/\/wp.me\/p62QDO-2OT","jetpack_sharing_enabled":true,"amp_enabled":true,"_links":{"self":[{"href":"https:\/\/armstrongyregion.com.ar\/diario\/wp-json\/wp\/v2\/posts\/10843","targetHints":{"allow":["GET"]}}],"collection":[{"href":"https:\/\/armstrongyregion.com.ar\/diario\/wp-json\/wp\/v2\/posts"}],"about":[{"href":"https:\/\/armstrongyregion.com.ar\/diario\/wp-json\/wp\/v2\/types\/post"}],"author":[{"embeddable":true,"href":"https:\/\/armstrongyregion.com.ar\/diario\/wp-json\/wp\/v2\/users\/1"}],"replies":[{"embeddable":true,"href":"https:\/\/armstrongyregion.com.ar\/diario\/wp-json\/wp\/v2\/comments?post=10843"}],"version-history":[{"count":0,"href":"https:\/\/armstrongyregion.com.ar\/diario\/wp-json\/wp\/v2\/posts\/10843\/revisions"}],"wp:featuredmedia":[{"embeddable":true,"href":"https:\/\/armstrongyregion.com.ar\/diario\/wp-json\/wp\/v2\/media\/10844"}],"wp:attachment":[{"href":"https:\/\/armstrongyregion.com.ar\/diario\/wp-json\/wp\/v2\/media?parent=10843"}],"wp:term":[{"taxonomy":"category","embeddable":true,"href":"https:\/\/armstrongyregion.com.ar\/diario\/wp-json\/wp\/v2\/categories?post=10843"},{"taxonomy":"post_tag","embeddable":true,"href":"https:\/\/armstrongyregion.com.ar\/diario\/wp-json\/wp\/v2\/tags?post=10843"}],"curies":[{"name":"wp","href":"https:\/\/api.w.org\/{rel}","templated":true}]}}