{"id":10836,"date":"2016-12-03T05:08:38","date_gmt":"2016-12-03T05:08:38","guid":{"rendered":"https:\/\/armstrongyregion.com.ar\/diario\/?p=10836"},"modified":"2016-12-03T05:08:38","modified_gmt":"2016-12-03T05:08:38","slug":"armstrong-paro-municipal-guardias-minimas","status":"publish","type":"post","link":"https:\/\/armstrongyregion.com.ar\/diario\/armstrong-paro-municipal-guardias-minimas\/","title":{"rendered":"Armstrong. Paro Municipal. Guardias m\u00ednimas."},"content":{"rendered":"<p><a href=\"http:\/\/armstrongyregion.com.ar\/diario\/wp-content\/uploads\/2016\/12\/facturas-apocrifas.jpg\"><img loading=\"lazy\" decoding=\"async\" src=\"http:\/\/armstrongyregion.com.ar\/diario\/wp-content\/uploads\/2016\/12\/facturas-apocrifas-300x162.jpg\" alt=\"facturas-apocrifas\" width=\"300\" height=\"162\" class=\"alignnone size-medium wp-image-10837\" srcset=\"https:\/\/armstrongyregion.com.ar\/diario\/wp-content\/uploads\/2016\/12\/facturas-apocrifas-300x162.jpg 300w, https:\/\/armstrongyregion.com.ar\/diario\/wp-content\/uploads\/2016\/12\/facturas-apocrifas.jpg 768w\" sizes=\"auto, (max-width: 300px) 100vw, 300px\" \/><\/a>La Municipalidad de Armstrong informa que debido a la medida de fuerza (Paro provincial) dispuesta por Festram, los d\u00edas 5 y 6 de diciembre la actividad municipal ser\u00e1 restringida, manteni\u00e9ndose las guardias m\u00ednimas y los servicios de recolecci\u00f3n de residuos.<br \/>\nAsimismo se hace saber que el edificio municipal permanecer\u00e1 abierto para citas programadas y\/o urgencias y pago de tasas municipales.<br \/>\nDesde ya muchas gracias.<\/p>\n","protected":false},"excerpt":{"rendered":"<p>La Municipalidad de Armstrong informa que debido a la medida de fuerza (Paro provincial) dispuesta por Festram, los d\u00edas 5 y 6 de diciembre la actividad municipal ser\u00e1 restringida, manteni\u00e9ndose las guardias m\u00ednimas y los servicios de recolecci\u00f3n de residuos. Asimismo se hace saber que el edificio municipal permanecer\u00e1 abierto para citas programadas y\/o urgencias <a href=\"https:\/\/armstrongyregion.com.ar\/diario\/armstrong-paro-municipal-guardias-minimas\/\" title=\"Read more\" >&#8230;<\/a><\/p>\n","protected":false},"author":1,"featured_media":10837,"comment_status":"open","ping_status":"open","sticky":false,"template":"","format":"standard","meta":{"_jetpack_memberships_contains_paid_content":false,"footnotes":"","jetpack_publicize_message":"","jetpack_publicize_feature_enabled":true,"jetpack_social_post_already_shared":false,"jetpack_social_options":{"image_generator_settings":{"template":"highway","default_image_id":0,"enabled":false},"version":2}},"categories":[1,2,3],"tags":[4733,20,4734],"class_list":["post-10836","post","type-post","status-publish","format-standard","has-post-thumbnail","hentry","category-diario-armstrong","category-locales","category-region","tag-paro-municilap","tag-armstrong","tag-guardias-minimas"],"jetpack_publicize_connections":[],"jetpack_featured_media_url":"https:\/\/armstrongyregion.com.ar\/diario\/wp-content\/uploads\/2016\/12\/facturas-apocrifas.jpg","jetpack_shortlink":"https:\/\/wp.me\/p62QDO-2OM","jetpack_sharing_enabled":true,"amp_enabled":true,"_links":{"self":[{"href":"https:\/\/armstrongyregion.com.ar\/diario\/wp-json\/wp\/v2\/posts\/10836","targetHints":{"allow":["GET"]}}],"collection":[{"href":"https:\/\/armstrongyregion.com.ar\/diario\/wp-json\/wp\/v2\/posts"}],"about":[{"href":"https:\/\/armstrongyregion.com.ar\/diario\/wp-json\/wp\/v2\/types\/post"}],"author":[{"embeddable":true,"href":"https:\/\/armstrongyregion.com.ar\/diario\/wp-json\/wp\/v2\/users\/1"}],"replies":[{"embeddable":true,"href":"https:\/\/armstrongyregion.com.ar\/diario\/wp-json\/wp\/v2\/comments?post=10836"}],"version-history":[{"count":0,"href":"https:\/\/armstrongyregion.com.ar\/diario\/wp-json\/wp\/v2\/posts\/10836\/revisions"}],"wp:featuredmedia":[{"embeddable":true,"href":"https:\/\/armstrongyregion.com.ar\/diario\/wp-json\/wp\/v2\/media\/10837"}],"wp:attachment":[{"href":"https:\/\/armstrongyregion.com.ar\/diario\/wp-json\/wp\/v2\/media?parent=10836"}],"wp:term":[{"taxonomy":"category","embeddable":true,"href":"https:\/\/armstrongyregion.com.ar\/diario\/wp-json\/wp\/v2\/categories?post=10836"},{"taxonomy":"post_tag","embeddable":true,"href":"https:\/\/armstrongyregion.com.ar\/diario\/wp-json\/wp\/v2\/tags?post=10836"}],"curies":[{"name":"wp","href":"https:\/\/api.w.org\/{rel}","templated":true}]}}