{"id":1082,"date":"2015-02-27T23:27:48","date_gmt":"2015-02-27T23:27:48","guid":{"rendered":"https:\/\/armstrongyregion.com.ar\/diario\/?p=1082"},"modified":"2015-02-27T23:27:48","modified_gmt":"2015-02-27T23:27:48","slug":"emiliano-gramigna-los-nuevos-dirigentes-de-esta-lista-no-estan-para-completar-sino-para-llegar","status":"publish","type":"post","link":"https:\/\/armstrongyregion.com.ar\/diario\/emiliano-gramigna-los-nuevos-dirigentes-de-esta-lista-no-estan-para-completar-sino-para-llegar\/","title":{"rendered":"Emiliano Gramigna: \u201cLos nuevos dirigentes de esta lista no est\u00e1n para completar sino para llegar\u201d"},"content":{"rendered":"<p><a href=\"http:\/\/armstrongyregion.com.ar\/diario\/wp-content\/uploads\/2015\/02\/16189_809545172459565_2870849033466207335_n.jpg\"><img loading=\"lazy\" decoding=\"async\" class=\"alignnone size-medium wp-image-1083\" src=\"http:\/\/armstrongyregion.com.ar\/diario\/wp-content\/uploads\/2015\/02\/16189_809545172459565_2870849033466207335_n-300x277.jpg\" alt=\"Emiliano Gramigna\" width=\"300\" height=\"277\" srcset=\"https:\/\/armstrongyregion.com.ar\/diario\/wp-content\/uploads\/2015\/02\/16189_809545172459565_2870849033466207335_n-300x277.jpg 300w, https:\/\/armstrongyregion.com.ar\/diario\/wp-content\/uploads\/2015\/02\/16189_809545172459565_2870849033466207335_n.jpg 432w\" sizes=\"auto, (max-width: 300px) 100vw, 300px\" \/><\/a>Los precandidatos a la gobernaci\u00f3n de Santa Fe, por el Frente Renovador, Oscar Cachi Mart\u00ednez y la Dra. Ver\u00f3nica Baro Graf, visitaron la ciudad de Armstrong donde estaban presentes el precandidato a senador Roberto Gramigna y los precandidatos a concejales de nuestra ciudad por esa linea; acompa\u00f1aba a la formula Susana Rueda, candidata a diputada provincial.<br \/>\nEn la oportunidad hizo declaraciones Emiliano Gramigna quien encabeza la lista y explic\u00f3 cu\u00e1les ser\u00e1n los temas que abordar\u00e1n: \u201cComenzamos la campa\u00f1a con una gran cantidad de ideas frescas y nuevas, sobre todo con lo concerniente a la salud, a la seguridad, ya que creo este es el tema que m\u00e1s le est\u00e1 importando a la gente, con la preocupaci\u00f3n de las inundaciones que estamos sufriendo \u00faltimamente en la ciudad, esos ser\u00e1n los ejes de la agenda de esta campa\u00f1a pol\u00edtica.\u201d<br \/>\nSobre la aparici\u00f3n de muchas figuras j\u00f3venes en los distintos sectores de la pol\u00edtica el pre candidato manifest\u00f3: \u201cCreo que por fin empiezan los j\u00f3venes a brotar en la pol\u00edtica y creo que hoy nuestra lista esta de punta a punta integrada por j\u00f3venes, con gente nueva, pero con experiencia de vida, estoy seguro de que tenemos una lista que no debemos recurrir a los j\u00f3venes para rellenarla sino para que esos nuevos dirigentes lleguen.\u201d<\/p>\n","protected":false},"excerpt":{"rendered":"<p>Los precandidatos a la gobernaci\u00f3n de Santa Fe, por el Frente Renovador, Oscar Cachi Mart\u00ednez y la Dra. Ver\u00f3nica Baro Graf, visitaron la ciudad de Armstrong donde estaban presentes el precandidato a senador Roberto Gramigna y los precandidatos a concejales de nuestra ciudad por esa linea; acompa\u00f1aba a la formula Susana Rueda, candidata a diputada <a href=\"https:\/\/armstrongyregion.com.ar\/diario\/emiliano-gramigna-los-nuevos-dirigentes-de-esta-lista-no-estan-para-completar-sino-para-llegar\/\" title=\"Read more\" >&#8230;<\/a><\/p>\n","protected":false},"author":2,"featured_media":1083,"comment_status":"open","ping_status":"open","sticky":false,"template":"","format":"standard","meta":{"_jetpack_memberships_contains_paid_content":false,"footnotes":"","jetpack_publicize_message":"","jetpack_publicize_feature_enabled":true,"jetpack_social_post_already_shared":false,"jetpack_social_options":{"image_generator_settings":{"template":"highway","default_image_id":0,"enabled":false},"version":2}},"categories":[8,1,2,7],"tags":[982,19,980,141,94,981,979,828,984,42,96,242,81,983],"class_list":["post-1082","post","type-post","status-publish","format-standard","has-post-thumbnail","hentry","category-deliberando","category-diario-armstrong","category-locales","category-politica","tag-completar","tag-de","tag-dirigentes","tag-emiliano","tag-esta","tag-estan","tag-gramigna","tag-lista","tag-llegar","tag-los","tag-no","tag-nuevos","tag-para","tag-sino"],"jetpack_publicize_connections":[],"jetpack_featured_media_url":"https:\/\/armstrongyregion.com.ar\/diario\/wp-content\/uploads\/2015\/02\/16189_809545172459565_2870849033466207335_n.jpg","jetpack_shortlink":"https:\/\/wp.me\/p62QDO-hs","jetpack_sharing_enabled":true,"amp_enabled":true,"_links":{"self":[{"href":"https:\/\/armstrongyregion.com.ar\/diario\/wp-json\/wp\/v2\/posts\/1082","targetHints":{"allow":["GET"]}}],"collection":[{"href":"https:\/\/armstrongyregion.com.ar\/diario\/wp-json\/wp\/v2\/posts"}],"about":[{"href":"https:\/\/armstrongyregion.com.ar\/diario\/wp-json\/wp\/v2\/types\/post"}],"author":[{"embeddable":true,"href":"https:\/\/armstrongyregion.com.ar\/diario\/wp-json\/wp\/v2\/users\/2"}],"replies":[{"embeddable":true,"href":"https:\/\/armstrongyregion.com.ar\/diario\/wp-json\/wp\/v2\/comments?post=1082"}],"version-history":[{"count":0,"href":"https:\/\/armstrongyregion.com.ar\/diario\/wp-json\/wp\/v2\/posts\/1082\/revisions"}],"wp:featuredmedia":[{"embeddable":true,"href":"https:\/\/armstrongyregion.com.ar\/diario\/wp-json\/wp\/v2\/media\/1083"}],"wp:attachment":[{"href":"https:\/\/armstrongyregion.com.ar\/diario\/wp-json\/wp\/v2\/media?parent=1082"}],"wp:term":[{"taxonomy":"category","embeddable":true,"href":"https:\/\/armstrongyregion.com.ar\/diario\/wp-json\/wp\/v2\/categories?post=1082"},{"taxonomy":"post_tag","embeddable":true,"href":"https:\/\/armstrongyregion.com.ar\/diario\/wp-json\/wp\/v2\/tags?post=1082"}],"curies":[{"name":"wp","href":"https:\/\/api.w.org\/{rel}","templated":true}]}}