{"id":10815,"date":"2016-12-01T20:53:47","date_gmt":"2016-12-01T20:53:47","guid":{"rendered":"https:\/\/armstrongyregion.com.ar\/diario\/?p=10815"},"modified":"2016-12-01T20:53:47","modified_gmt":"2016-12-01T20:53:47","slug":"crucianelli-agroactiva-es-el-hijo-que-vuelve-a-su-casa","status":"publish","type":"post","link":"https:\/\/armstrongyregion.com.ar\/diario\/crucianelli-agroactiva-es-el-hijo-que-vuelve-a-su-casa\/","title":{"rendered":"Crucianelli: \u201cAgroActiva es el hijo que vuelve a su casa\u201d."},"content":{"rendered":"<p><a href=\"http:\/\/armstrongyregion.com.ar\/diario\/wp-content\/uploads\/2016\/12\/crucianelli-cafma.jpg\"><img loading=\"lazy\" decoding=\"async\" src=\"http:\/\/armstrongyregion.com.ar\/diario\/wp-content\/uploads\/2016\/12\/crucianelli-cafma-300x211.jpg\" alt=\"crucianelli-cafma\" width=\"300\" height=\"211\" class=\"alignnone size-medium wp-image-10816\" srcset=\"https:\/\/armstrongyregion.com.ar\/diario\/wp-content\/uploads\/2016\/12\/crucianelli-cafma-300x211.jpg 300w, https:\/\/armstrongyregion.com.ar\/diario\/wp-content\/uploads\/2016\/12\/crucianelli-cafma.jpg 768w\" sizes=\"auto, (max-width: 300px) 100vw, 300px\" \/><\/a>El flamante presidente de Cafma se refiri\u00f3 a la decisi\u00f3n de la muestra de retornar a la localidad de Armstrong. El evento se llevar\u00e1 a cabo en 2017 en el campo ubicado en el cruce de la autopista Rosario-C\u00f3rdoba y la ruta nacional N\u00b0 178.<\/p>\n<p>La C\u00e1mara Argentina de Fabricantes de Maquinaria Agr\u00edcola (Cafma) tom\u00f3 muy bien la decisi\u00f3n de AgroActiva de realizar su edici\u00f3n 2017 en Armstrong ya que \u201cla mayor\u00eda de los fabricantes se ver\u00e1n beneficiados por la ubicaci\u00f3n del evento\u201d, asegur\u00f3 el flamante presidente de la entidad, Ra\u00fal Crucianelli. \u201cEs una muestra que requiere mucha inversi\u00f3n, traslado de equipos, armado de stands, recursos humanos, etc\u00e9tera y con una reducci\u00f3n en los costos de log\u00edstica por la cercan\u00eda se facilitar\u00e1 que las compa\u00f1\u00edas participen\u201d, remarc\u00f3 el industrial.<\/p>\n<p>Para toda la localidad de Armstrong, pero particularmente para el sector comercial e industrial, es una emoci\u00f3n muy grande volver a tener a la muestra m\u00e1s grande de Argentina en su ciudad \u201cya que la muestra es el hijo que vuelve a nuestra casa\u201d, enfatiz\u00f3 Crucianelli. Luego agreg\u00f3 que \u201ces algo que cala hondo en nuestros sentimientos, que nos hace latir fuerte el coraz\u00f3n porque incluso se har\u00e1 en el predio donde naci\u00f3\u201d. La organizaci\u00f3n de la feria podr\u00eda haber elegido Ca\u00f1ada de G\u00f3mez o Las Parejas y, aunque hubiese estado cerca tambi\u00e9n de las f\u00e1bricas, \u201cno es lo mismo que haya vuelto al patio de nuestra casa\u201d.<\/p>\n<p>Como indic\u00f3 Crucianelli la baja en los costos de log\u00edstica permitir\u00e1 que m\u00e1s empresas de la regi\u00f3n formen parte de la edici\u00f3n pr\u00f3xima, del 31 de mayo al 3 de junio, porque \u201cAgroActiva llama a un p\u00fablico especial, \u201cfierrero\u201d desde sus inicios, cada vez m\u00e1s familiar que concurre a\u00f1o tras a\u00f1o buscando maquinaria para comprar. Esta muestra tiene la capacidad de reunir al chacarero que quiere incorporar nuevos equipos y el fabricante que quiere vender. Adem\u00e1s se da la particularidad que el p\u00fablico visita le feria con gusto, disfrutando de la misma, y eso hace que los contactos comerciales sean m\u00e1s f\u00e1ciles\u201d.<\/p>\n<p>Presidencia de Cafma<\/p>\n<p>Hace poco m\u00e1s de un mes Ra\u00fal Crucianelli fue elegido como nuevo presidente de la entidad que nuclea a sus colegas fabricantes de maquinaria agr\u00edcola. Respecto a este nombramiento el empresario dijo que \u201clos dem\u00e1s integrantes de la comisi\u00f3n ven\u00edan insisti\u00e9ndome para que sea presidente de Cafma. No sent\u00eda en esos momentos que estaba preparado, no ten\u00eda tanto tiempo y adem\u00e1s hab\u00eda mucha tensi\u00f3n con el Gobierno y era una situaci\u00f3n muy desgastante\u201d.<\/p>\n<p>En esta oportunidad, con otro panorama, con m\u00e1s tiempo por el ordenamiento de la f\u00e1brica y porque la familia lo acompa\u00f1a en cada decisi\u00f3n, Crucianelli afront\u00f3 el desaf\u00edo. \u201cPens\u00e9 que dejarlo pasar era perder la chance de intentar y ver qu\u00e9 es lo que puedo aportar\u201d, expres\u00f3. En este sentido, el industrial de Armstrong cont\u00f3 que su presidencia no llega a revolucionar nada sino simplemente con la idea que la conducci\u00f3n sea m\u00e1s horizontal y no tan vertical, menos presidencialista. \u201cArmar\u00e9 un equipo para trabajar en conjunto como hago en mi f\u00e1brica\u201d.<\/p>\n<p>Un buen a\u00f1o y con perspectivas alentadoras<\/p>\n<p>El rubro de la maquinaria agr\u00edcola est\u00e1 cerrando un 2016 muy diferente al \u00faltimo per\u00edodo y seg\u00fan estimaciones privadas llegar\u00e1 a fin de a\u00f1o con entre un 30 y un 40 por ciento de aumento de ventas. En este sentido el presidente de Cafma explic\u00f3 que \u201chay que analizar rubro por rubro porque en sembradoras empez\u00f3 un poco antes la recuperaci\u00f3n que en cosecha o poscosecha, pero en general ser\u00e1 un muy buen a\u00f1o\u201d.<\/p>\n<p>En particular en Crucianelli seg\u00fan argument\u00f3 Ra\u00fal \u201cterminaremos el a\u00f1o con aproximadamente un 50 por ciento m\u00e1s de ventas que en 2015. En este marco, terminaremos el proyecto que iniciamos en 2010 para la ampliaci\u00f3n de la planta. El mismo hab\u00eda quedado postergado debido a que, desde 2012, el mercado se vino abajo y se paralizaron todos los proyectos en las industrias\u201d. <\/p>\n<p>La obra consiste no s\u00f3lo en sumar metros cuadrados sino en ampliar la planta pensando en poder fabricar m\u00e1quinas de gran porte que, en la actualidad, es muy complicado hacerlo con los galpones que dispone la empresa. Son las versiones air drill y air planter que requieren de mucho espacio y estructuras especiales sin columnas por su tama\u00f1o.<\/p>\n","protected":false},"excerpt":{"rendered":"<p>El flamante presidente de Cafma se refiri\u00f3 a la decisi\u00f3n de la muestra de retornar a la localidad de Armstrong. El evento se llevar\u00e1 a cabo en 2017 en el campo ubicado en el cruce de la autopista Rosario-C\u00f3rdoba y la ruta nacional N\u00b0 178. La C\u00e1mara Argentina de Fabricantes de Maquinaria Agr\u00edcola (Cafma) tom\u00f3 <a href=\"https:\/\/armstrongyregion.com.ar\/diario\/crucianelli-agroactiva-es-el-hijo-que-vuelve-a-su-casa\/\" title=\"Read more\" >&#8230;<\/a><\/p>\n","protected":false},"author":1,"featured_media":10816,"comment_status":"open","ping_status":"open","sticky":false,"template":"","format":"standard","meta":{"_jetpack_memberships_contains_paid_content":false,"footnotes":"","jetpack_publicize_message":"","jetpack_publicize_feature_enabled":true,"jetpack_social_post_already_shared":false,"jetpack_social_options":{"image_generator_settings":{"template":"highway","default_image_id":0,"enabled":false},"version":2}},"categories":[1,2,3],"tags":[4720,4721,4719],"class_list":["post-10815","post","type-post","status-publish","format-standard","has-post-thumbnail","hentry","category-diario-armstrong","category-locales","category-region","tag-crucianelli-agroactiva","tag-crucianelli-armtrong","tag-crucianelli-agroactiva-es-el-hijo-que-vuelve-a-su-casa"],"jetpack_publicize_connections":[],"jetpack_featured_media_url":"https:\/\/armstrongyregion.com.ar\/diario\/wp-content\/uploads\/2016\/12\/crucianelli-cafma.jpg","jetpack_shortlink":"https:\/\/wp.me\/p62QDO-2Or","jetpack_sharing_enabled":true,"amp_enabled":true,"_links":{"self":[{"href":"https:\/\/armstrongyregion.com.ar\/diario\/wp-json\/wp\/v2\/posts\/10815","targetHints":{"allow":["GET"]}}],"collection":[{"href":"https:\/\/armstrongyregion.com.ar\/diario\/wp-json\/wp\/v2\/posts"}],"about":[{"href":"https:\/\/armstrongyregion.com.ar\/diario\/wp-json\/wp\/v2\/types\/post"}],"author":[{"embeddable":true,"href":"https:\/\/armstrongyregion.com.ar\/diario\/wp-json\/wp\/v2\/users\/1"}],"replies":[{"embeddable":true,"href":"https:\/\/armstrongyregion.com.ar\/diario\/wp-json\/wp\/v2\/comments?post=10815"}],"version-history":[{"count":0,"href":"https:\/\/armstrongyregion.com.ar\/diario\/wp-json\/wp\/v2\/posts\/10815\/revisions"}],"wp:featuredmedia":[{"embeddable":true,"href":"https:\/\/armstrongyregion.com.ar\/diario\/wp-json\/wp\/v2\/media\/10816"}],"wp:attachment":[{"href":"https:\/\/armstrongyregion.com.ar\/diario\/wp-json\/wp\/v2\/media?parent=10815"}],"wp:term":[{"taxonomy":"category","embeddable":true,"href":"https:\/\/armstrongyregion.com.ar\/diario\/wp-json\/wp\/v2\/categories?post=10815"},{"taxonomy":"post_tag","embeddable":true,"href":"https:\/\/armstrongyregion.com.ar\/diario\/wp-json\/wp\/v2\/tags?post=10815"}],"curies":[{"name":"wp","href":"https:\/\/api.w.org\/{rel}","templated":true}]}}