{"id":1076,"date":"2015-02-27T23:06:10","date_gmt":"2015-02-27T23:06:10","guid":{"rendered":"https:\/\/armstrongyregion.com.ar\/diario\/?p=1076"},"modified":"2015-02-27T23:06:10","modified_gmt":"2015-02-27T23:06:10","slug":"clerici-recorrio-los-trabajos-en-el-sanatorio-integrado-de-la-ciudad","status":"publish","type":"post","link":"https:\/\/armstrongyregion.com.ar\/diario\/clerici-recorrio-los-trabajos-en-el-sanatorio-integrado-de-la-ciudad\/","title":{"rendered":"Cl\u00e9rici recorri\u00f3 los trabajos en el sanatorio integrado de la ciudad."},"content":{"rendered":"<p><a href=\"http:\/\/armstrongyregion.com.ar\/diario\/wp-content\/uploads\/2015\/02\/SIC.jpg\"><img loading=\"lazy\" decoding=\"async\" class=\"alignnone size-medium wp-image-1077\" src=\"http:\/\/armstrongyregion.com.ar\/diario\/wp-content\/uploads\/2015\/02\/SIC-300x200.jpg\" alt=\"SIC Ca\u00f1ada\" width=\"300\" height=\"200\" srcset=\"https:\/\/armstrongyregion.com.ar\/diario\/wp-content\/uploads\/2015\/02\/SIC-300x200.jpg 300w, https:\/\/armstrongyregion.com.ar\/diario\/wp-content\/uploads\/2015\/02\/SIC.jpg 750w\" sizes=\"auto, (max-width: 300px) 100vw, 300px\" \/><\/a>El municipio firm\u00f3 parte de las gestiones para la obtenci\u00f3n del Cr\u00e9dito<br \/>\ndel Bicentenario para realizar la obra. La intendenta destac\u00f3 el impacto<br \/>\nde la obra en el ordenamiento del tr\u00e1nsito y en los servicios que se<br \/>\nprestan. El pr\u00f3ximo 22 de marzo se realizar\u00e1 la inauguraci\u00f3n.<\/p>\n<p>La intendenta Stella Cl\u00e9rici junto a autoridades del Sanatorio<br \/>\nIntegrado de la ciudad recorri\u00f3 los trabajos que se realizan en el<br \/>\nedificio de la entidad, luego del acompa\u00f1amiento de la gesti\u00f3n municipal<br \/>\nen la gesti\u00f3n del cr\u00e9dito que permiti\u00f3 realizar la obra.<br \/>\nEn la visita, Cl\u00e9rici destac\u00f3 el impacto de estas mejoras en los<br \/>\nservicios que se prestan y que luego de trabajo conjunto con el<br \/>\ndepartamento Tr\u00e1nsito se realiz\u00f3 una d\u00e1rsena para el estacionamiento de<br \/>\nambulancias para ordenar la circulaci\u00f3n vehicular en la zona.<br \/>\nPor su parte, el Dr. Claudio Dulcich anunci\u00f3 que la inauguraci\u00f3n se<br \/>\nrealizar\u00e1 el pr\u00f3ximo 22 de marzo.<\/p>\n","protected":false},"excerpt":{"rendered":"<p>El municipio firm\u00f3 parte de las gestiones para la obtenci\u00f3n del Cr\u00e9dito del Bicentenario para realizar la obra. La intendenta destac\u00f3 el impacto de la obra en el ordenamiento del tr\u00e1nsito y en los servicios que se prestan. El pr\u00f3ximo 22 de marzo se realizar\u00e1 la inauguraci\u00f3n. La intendenta Stella Cl\u00e9rici junto a autoridades del <a href=\"https:\/\/armstrongyregion.com.ar\/diario\/clerici-recorrio-los-trabajos-en-el-sanatorio-integrado-de-la-ciudad\/\" title=\"Read more\" >&#8230;<\/a><\/p>\n","protected":false},"author":2,"featured_media":1077,"comment_status":"open","ping_status":"open","sticky":false,"template":"","format":"standard","meta":{"_jetpack_memberships_contains_paid_content":false,"footnotes":"","jetpack_publicize_message":"","jetpack_publicize_feature_enabled":true,"jetpack_social_post_already_shared":false,"jetpack_social_options":{"image_generator_settings":{"template":"highway","default_image_id":0,"enabled":false},"version":2}},"categories":[1,3],"tags":[390,83,19,16,15,976,31,42,287,975,422],"class_list":["post-1076","post","type-post","status-publish","format-standard","has-post-thumbnail","hentry","category-diario-armstrong","category-region","tag-ciudad","tag-clerici","tag-de","tag-el","tag-en","tag-integrado","tag-la","tag-los","tag-recorrio","tag-sanatorio","tag-trabajos"],"jetpack_publicize_connections":[],"jetpack_featured_media_url":"https:\/\/armstrongyregion.com.ar\/diario\/wp-content\/uploads\/2015\/02\/SIC.jpg","jetpack_shortlink":"https:\/\/wp.me\/p62QDO-hm","jetpack_sharing_enabled":true,"amp_enabled":true,"_links":{"self":[{"href":"https:\/\/armstrongyregion.com.ar\/diario\/wp-json\/wp\/v2\/posts\/1076","targetHints":{"allow":["GET"]}}],"collection":[{"href":"https:\/\/armstrongyregion.com.ar\/diario\/wp-json\/wp\/v2\/posts"}],"about":[{"href":"https:\/\/armstrongyregion.com.ar\/diario\/wp-json\/wp\/v2\/types\/post"}],"author":[{"embeddable":true,"href":"https:\/\/armstrongyregion.com.ar\/diario\/wp-json\/wp\/v2\/users\/2"}],"replies":[{"embeddable":true,"href":"https:\/\/armstrongyregion.com.ar\/diario\/wp-json\/wp\/v2\/comments?post=1076"}],"version-history":[{"count":0,"href":"https:\/\/armstrongyregion.com.ar\/diario\/wp-json\/wp\/v2\/posts\/1076\/revisions"}],"wp:featuredmedia":[{"embeddable":true,"href":"https:\/\/armstrongyregion.com.ar\/diario\/wp-json\/wp\/v2\/media\/1077"}],"wp:attachment":[{"href":"https:\/\/armstrongyregion.com.ar\/diario\/wp-json\/wp\/v2\/media?parent=1076"}],"wp:term":[{"taxonomy":"category","embeddable":true,"href":"https:\/\/armstrongyregion.com.ar\/diario\/wp-json\/wp\/v2\/categories?post=1076"},{"taxonomy":"post_tag","embeddable":true,"href":"https:\/\/armstrongyregion.com.ar\/diario\/wp-json\/wp\/v2\/tags?post=1076"}],"curies":[{"name":"wp","href":"https:\/\/api.w.org\/{rel}","templated":true}]}}