{"id":10754,"date":"2016-11-29T15:57:34","date_gmt":"2016-11-29T15:57:34","guid":{"rendered":"https:\/\/armstrongyregion.com.ar\/diario\/?p=10754"},"modified":"2016-11-29T15:57:34","modified_gmt":"2016-11-29T15:57:34","slug":"lifschitz-presentara-en-santa-fe-el-programa-pueblomio-para-todas-las-comunas-de-la-provincia","status":"publish","type":"post","link":"https:\/\/armstrongyregion.com.ar\/diario\/lifschitz-presentara-en-santa-fe-el-programa-pueblomio-para-todas-las-comunas-de-la-provincia\/","title":{"rendered":"Lifschitz presentar\u00e1 en Santa Fe el programa PuebloM\u00edo para todas las comunas de la provincia."},"content":{"rendered":"<p><div id=\"attachment_10755\" style=\"width: 310px\" class=\"wp-caption alignnone\"><a href=\"http:\/\/armstrongyregion.com.ar\/diario\/wp-content\/uploads\/2016\/11\/Flyer-PUEBLO-MIO-facebook-04.jpg\"><img loading=\"lazy\" decoding=\"async\" aria-describedby=\"caption-attachment-10755\" src=\"http:\/\/armstrongyregion.com.ar\/diario\/wp-content\/uploads\/2016\/11\/Flyer-PUEBLO-MIO-facebook-04-300x221.jpg\" alt=\"Flyer PUEBLO MIO\" width=\"300\" height=\"221\" class=\"size-medium wp-image-10755\" srcset=\"https:\/\/armstrongyregion.com.ar\/diario\/wp-content\/uploads\/2016\/11\/Flyer-PUEBLO-MIO-facebook-04-300x221.jpg 300w, https:\/\/armstrongyregion.com.ar\/diario\/wp-content\/uploads\/2016\/11\/Flyer-PUEBLO-MIO-facebook-04.jpg 768w\" sizes=\"auto, (max-width: 300px) 100vw, 300px\" \/><\/a><p id=\"caption-attachment-10755\" class=\"wp-caption-text\">Flyer PUEBLO MIO<\/p><\/div>Ser\u00e1 este mi\u00e9rcoles, a las 16:00, en el Sal\u00f3n Blanco de Casa de Gobierno de la capital provincial<\/p>\n<p>El gobernador de la provincia, Miguel Lifschitz, presentar\u00e1 este lunes PuebloM\u00edo. Se trata de un Programa de Arraigo y Desarrollo Productivo para todas las comunas de la provincia. El acto se desarrollar\u00e1, a las 16:00, en el sal\u00f3n Blanco de la Casa de Gobierno en la capital provincial.<br \/>\nEl gobernador estar\u00e1 acompa\u00f1ado por las autoridades que llevar\u00e1n adelante la iniciativa, el subsecretario de Regiones, Municipios y Comunas, Lisandro D&#8217;Anna, la secretaria de Estado de Energ\u00eda, Ver\u00f3nica Geese y el secretario de Industria, Emiliano Pietropaolo.<\/p>\n<p>El Programa<\/p>\n<p>Mediante este programa el Estado Provincial tiene como objetivo promover el desarrollo y la integraci\u00f3n econ\u00f3mica de todos los pueblos de la provincia. Para ello, se estimular\u00e1 la radicaci\u00f3n de iniciativas econ\u00f3micas privadas por medio de una adecuada pol\u00edtica tributaria y crediticia; como as\u00ed tambi\u00e9n el crecimiento de los emprendimientos locales. Con el objetivo de generar fuentes de trabajo en la localidad. Adem\u00e1s, se ejecutar\u00e1n las obras p\u00fablicas que sean necesarias: construcci\u00f3n de v\u00edas de comunicaci\u00f3n, canales, infraestructura el\u00e9ctrica extramuro, soluciones habitacionales, etc. Se facilitar\u00e1 tambi\u00e9n, la incorporaci\u00f3n de capitales, equipos, materiales, asistencia tecnol\u00f3gica y asesoramiento administrativo. Cabe destacar que el programa tambi\u00e9n prev\u00e9 la educaci\u00f3n y formaci\u00f3n ya que acercar\u00e1 a los pueblos los programas Redes: Formaci\u00f3n para el Trabajo y el Programa Provincial de Becas para la Reforma.<\/p>\n<p>Arraigo y Desarrollo<\/p>\n<p>Es el prop\u00f3sito del Gobierno Provincial impulsar iniciativas que tengan como meta lograr un territorio integrado, con calidad social y econom\u00eda del desarrollo. Con un crecimiento sostenido y la garant\u00eda de su sustentabilidad econ\u00f3mica y social; y una mirada del desarrollo econ\u00f3mico local de integraci\u00f3n y de fortalecimiento de los valores territoriales, de identidad, diversidad y flexibilidad.<\/p>\n","protected":false},"excerpt":{"rendered":"<p>Ser\u00e1 este mi\u00e9rcoles, a las 16:00, en el Sal\u00f3n Blanco de Casa de Gobierno de la capital provincial El gobernador de la provincia, Miguel Lifschitz, presentar\u00e1 este lunes PuebloM\u00edo. Se trata de un Programa de Arraigo y Desarrollo Productivo para todas las comunas de la provincia. El acto se desarrollar\u00e1, a las 16:00, en el <a href=\"https:\/\/armstrongyregion.com.ar\/diario\/lifschitz-presentara-en-santa-fe-el-programa-pueblomio-para-todas-las-comunas-de-la-provincia\/\" title=\"Read more\" >&#8230;<\/a><\/p>\n","protected":false},"author":1,"featured_media":10755,"comment_status":"open","ping_status":"open","sticky":false,"template":"","format":"standard","meta":{"_jetpack_memberships_contains_paid_content":false,"footnotes":"","jetpack_publicize_message":"","jetpack_publicize_feature_enabled":true,"jetpack_social_post_already_shared":false,"jetpack_social_options":{"image_generator_settings":{"template":"highway","default_image_id":0,"enabled":false},"version":2}},"categories":[1,2,7,3],"tags":[4705],"class_list":["post-10754","post","type-post","status-publish","format-standard","has-post-thumbnail","hentry","category-diario-armstrong","category-locales","category-politica","category-region","tag-lifschitz-presentara-en-santa-fe-el-programa-pueblomio-para-todas-las-comunas-de-la-provincia"],"jetpack_publicize_connections":[],"jetpack_featured_media_url":"https:\/\/armstrongyregion.com.ar\/diario\/wp-content\/uploads\/2016\/11\/Flyer-PUEBLO-MIO-facebook-04.jpg","jetpack_shortlink":"https:\/\/wp.me\/p62QDO-2Ns","jetpack_sharing_enabled":true,"amp_enabled":true,"_links":{"self":[{"href":"https:\/\/armstrongyregion.com.ar\/diario\/wp-json\/wp\/v2\/posts\/10754","targetHints":{"allow":["GET"]}}],"collection":[{"href":"https:\/\/armstrongyregion.com.ar\/diario\/wp-json\/wp\/v2\/posts"}],"about":[{"href":"https:\/\/armstrongyregion.com.ar\/diario\/wp-json\/wp\/v2\/types\/post"}],"author":[{"embeddable":true,"href":"https:\/\/armstrongyregion.com.ar\/diario\/wp-json\/wp\/v2\/users\/1"}],"replies":[{"embeddable":true,"href":"https:\/\/armstrongyregion.com.ar\/diario\/wp-json\/wp\/v2\/comments?post=10754"}],"version-history":[{"count":0,"href":"https:\/\/armstrongyregion.com.ar\/diario\/wp-json\/wp\/v2\/posts\/10754\/revisions"}],"wp:featuredmedia":[{"embeddable":true,"href":"https:\/\/armstrongyregion.com.ar\/diario\/wp-json\/wp\/v2\/media\/10755"}],"wp:attachment":[{"href":"https:\/\/armstrongyregion.com.ar\/diario\/wp-json\/wp\/v2\/media?parent=10754"}],"wp:term":[{"taxonomy":"category","embeddable":true,"href":"https:\/\/armstrongyregion.com.ar\/diario\/wp-json\/wp\/v2\/categories?post=10754"},{"taxonomy":"post_tag","embeddable":true,"href":"https:\/\/armstrongyregion.com.ar\/diario\/wp-json\/wp\/v2\/tags?post=10754"}],"curies":[{"name":"wp","href":"https:\/\/api.w.org\/{rel}","templated":true}]}}