{"id":10738,"date":"2016-11-28T15:41:46","date_gmt":"2016-11-28T15:41:46","guid":{"rendered":"https:\/\/armstrongyregion.com.ar\/diario\/?p=10738"},"modified":"2016-11-28T17:47:01","modified_gmt":"2016-11-28T17:47:01","slug":"se-concreto-reunion-plenaria-de-cafma-en-armstrong","status":"publish","type":"post","link":"https:\/\/armstrongyregion.com.ar\/diario\/se-concreto-reunion-plenaria-de-cafma-en-armstrong\/","title":{"rendered":"Se concret\u00f3 reuni\u00f3n plenaria de CAFMA en Armstrong."},"content":{"rendered":"<p><a href=\"http:\/\/armstrongyregion.com.ar\/diario\/wp-content\/uploads\/2016\/11\/Raul-Crucianelli-.jpg\"><img loading=\"lazy\" decoding=\"async\" src=\"http:\/\/armstrongyregion.com.ar\/diario\/wp-content\/uploads\/2016\/11\/Raul-Crucianelli--300x176.jpg\" alt=\"raul-crucianelli\" width=\"300\" height=\"176\" class=\"alignnone size-medium wp-image-10739\" srcset=\"https:\/\/armstrongyregion.com.ar\/diario\/wp-content\/uploads\/2016\/11\/Raul-Crucianelli--300x176.jpg 300w, https:\/\/armstrongyregion.com.ar\/diario\/wp-content\/uploads\/2016\/11\/Raul-Crucianelli-.jpg 768w\" sizes=\"auto, (max-width: 300px) 100vw, 300px\" \/><\/a>El pasado jueves 24  de Noviembre por la tarde se concret\u00f3 la reuni\u00f3n plenaria de CAFMA (C\u00e1mara de Fabricantes de Maquinarias Agr\u00edcolas), en las instalaciones del Centro Comercial Industrial y Rural de nuestra ciudad, la misma fue presidida por el Sr. Ra\u00fal Crucianelli, actual presidente de CAFMA.<br \/>\nSe hicieron presentes industriales de toda la regi\u00f3n. Trat\u00e1ndose en el temario: la reuni\u00f3n de fin de a\u00f1o, gestiones en Ministerios de Producci\u00f3n y Agroindustria y Cuota Social entre otros.<br \/>\n<a href=\"http:\/\/armstrongyregion.com.ar\/diario\/wp-content\/uploads\/2016\/11\/Crucianelli.jpg\"><img loading=\"lazy\" decoding=\"async\" src=\"http:\/\/armstrongyregion.com.ar\/diario\/wp-content\/uploads\/2016\/11\/Crucianelli-300x169.jpg\" alt=\"crucianelli\" width=\"300\" height=\"169\" class=\"alignnone size-medium wp-image-10740\" srcset=\"https:\/\/armstrongyregion.com.ar\/diario\/wp-content\/uploads\/2016\/11\/Crucianelli-300x169.jpg 300w, https:\/\/armstrongyregion.com.ar\/diario\/wp-content\/uploads\/2016\/11\/Crucianelli.jpg 800w\" sizes=\"auto, (max-width: 300px) 100vw, 300px\" \/><\/a>El Sr. Ra\u00fal Crucianelli en dialogo con nuestro medio expresaba estar muy conforme y c\u00f3modo en el cargo de la presidencia de Cafma, tratando de darle su impronta ya  que quiere asumir una direcci\u00f3n horizontal no lineal mientras dure su mandato.<br \/>\nPor otro lado en cuanto a la situaci\u00f3n econ\u00f3mica para el empresariado de nuestra regi\u00f3n,  nos informaba que los cr\u00e9ditos siempre han estado y contin\u00faan. \u201cPero lo m\u00e1s importante- remarc\u00f3 Crucianelli- es que los cr\u00e9ditos est\u00e9n subsidiados para la compra de las m\u00e1quinas y los mismos  acaban de salir y son emitidos por el banco naci\u00f3n con una tasa de un 11%.   Esto muy conveniente y positivo debido a la inflaci\u00f3n. Lo que tiene que ver con la maquinaria agr\u00edcola est\u00e1 funcionando y somos optimistas de que as\u00ed continuar\u00e1\u201d. Finaliz\u00f3.<\/p>\n","protected":false},"excerpt":{"rendered":"<p>El pasado jueves 24 de Noviembre por la tarde se concret\u00f3 la reuni\u00f3n plenaria de CAFMA (C\u00e1mara de Fabricantes de Maquinarias Agr\u00edcolas), en las instalaciones del Centro Comercial Industrial y Rural de nuestra ciudad, la misma fue presidida por el Sr. Ra\u00fal Crucianelli, actual presidente de CAFMA. Se hicieron presentes industriales de toda la regi\u00f3n. <a href=\"https:\/\/armstrongyregion.com.ar\/diario\/se-concreto-reunion-plenaria-de-cafma-en-armstrong\/\" title=\"Read more\" >&#8230;<\/a><\/p>\n","protected":false},"author":1,"featured_media":10739,"comment_status":"open","ping_status":"open","sticky":false,"template":"","format":"standard","meta":{"_jetpack_memberships_contains_paid_content":false,"footnotes":"","jetpack_publicize_message":"","jetpack_publicize_feature_enabled":true,"jetpack_social_post_already_shared":false,"jetpack_social_options":{"image_generator_settings":{"template":"highway","default_image_id":0,"enabled":false},"version":2}},"categories":[1,2,3],"tags":[4702],"class_list":["post-10738","post","type-post","status-publish","format-standard","has-post-thumbnail","hentry","category-diario-armstrong","category-locales","category-region","tag-se-concreto-reunion-plenaria-de-cafma-en-armstrong"],"jetpack_publicize_connections":[],"jetpack_featured_media_url":"https:\/\/armstrongyregion.com.ar\/diario\/wp-content\/uploads\/2016\/11\/Raul-Crucianelli-.jpg","jetpack_shortlink":"https:\/\/wp.me\/p62QDO-2Nc","jetpack_sharing_enabled":true,"amp_enabled":true,"_links":{"self":[{"href":"https:\/\/armstrongyregion.com.ar\/diario\/wp-json\/wp\/v2\/posts\/10738","targetHints":{"allow":["GET"]}}],"collection":[{"href":"https:\/\/armstrongyregion.com.ar\/diario\/wp-json\/wp\/v2\/posts"}],"about":[{"href":"https:\/\/armstrongyregion.com.ar\/diario\/wp-json\/wp\/v2\/types\/post"}],"author":[{"embeddable":true,"href":"https:\/\/armstrongyregion.com.ar\/diario\/wp-json\/wp\/v2\/users\/1"}],"replies":[{"embeddable":true,"href":"https:\/\/armstrongyregion.com.ar\/diario\/wp-json\/wp\/v2\/comments?post=10738"}],"version-history":[{"count":0,"href":"https:\/\/armstrongyregion.com.ar\/diario\/wp-json\/wp\/v2\/posts\/10738\/revisions"}],"wp:featuredmedia":[{"embeddable":true,"href":"https:\/\/armstrongyregion.com.ar\/diario\/wp-json\/wp\/v2\/media\/10739"}],"wp:attachment":[{"href":"https:\/\/armstrongyregion.com.ar\/diario\/wp-json\/wp\/v2\/media?parent=10738"}],"wp:term":[{"taxonomy":"category","embeddable":true,"href":"https:\/\/armstrongyregion.com.ar\/diario\/wp-json\/wp\/v2\/categories?post=10738"},{"taxonomy":"post_tag","embeddable":true,"href":"https:\/\/armstrongyregion.com.ar\/diario\/wp-json\/wp\/v2\/tags?post=10738"}],"curies":[{"name":"wp","href":"https:\/\/api.w.org\/{rel}","templated":true}]}}