{"id":10712,"date":"2016-11-26T11:30:24","date_gmt":"2016-11-26T11:30:24","guid":{"rendered":"https:\/\/armstrongyregion.com.ar\/diario\/?p=10712"},"modified":"2016-11-26T11:40:54","modified_gmt":"2016-11-26T11:40:54","slug":"balague-inauguro-obras-en-el-jardin-de-infantes-n-123-de-las-parejas","status":"publish","type":"post","link":"https:\/\/armstrongyregion.com.ar\/diario\/balague-inauguro-obras-en-el-jardin-de-infantes-n-123-de-las-parejas\/","title":{"rendered":"Balagu\u00e9 inaugur\u00f3 obras en el Jard\u00edn de Infantes N\u00b0 123 de Las Parejas."},"content":{"rendered":"<p><a href=\"http:\/\/armstrongyregion.com.ar\/diario\/wp-content\/uploads\/2016\/11\/Balague.jpg\"><img loading=\"lazy\" decoding=\"async\" src=\"http:\/\/armstrongyregion.com.ar\/diario\/wp-content\/uploads\/2016\/11\/Balague-300x168.jpg\" alt=\"balague\" width=\"300\" height=\"168\" class=\"alignnone size-medium wp-image-10713\" srcset=\"https:\/\/armstrongyregion.com.ar\/diario\/wp-content\/uploads\/2016\/11\/Balague-300x168.jpg 300w, https:\/\/armstrongyregion.com.ar\/diario\/wp-content\/uploads\/2016\/11\/Balague.jpg 960w\" sizes=\"auto, (max-width: 300px) 100vw, 300px\" \/><\/a>El acto se llev\u00f3 a cabo este viernes en la sede de la instituci\u00f3n educativa.<br \/>\nLa ministra de Educaci\u00f3n de la provincia, Claudia Balagu\u00e9, presidi\u00f3 este viernes el acto de inauguraci\u00f3n de las obras en el Jard\u00edn de infantes N\u00b0 123 \u201cEdgardo Blas Longo\u201d, ubicado en calle 20 672 de la ciudad de Las Parejas.<\/p>\n<p>En la oportunidad, la titular de la cartera educativa provincial describi\u00f3 a la instituci\u00f3n como \u201cun jard\u00edn que trabaja con much\u00edsimo compromiso con todos los ni\u00f1os y la comunidad. Es un jard\u00edn de puertas abiertas, de trabajo muy activo y con proyectos innovadores\u201d.<\/p>\n<p>En el mismo sentido, Balagu\u00e9 destac\u00f3 la importancia de invertir en infraestructura escolar: \u201cEl espacio f\u00edsico es indispensable para desarrollar las actividades; cuando hablamos de trabajos compartidos y desarrollos grupales, eso tambi\u00e9n tiene que tener un espacio f\u00edsico acorde para que esas propuestas pedag\u00f3gicas se desarrollen. La inversi\u00f3n que se est\u00e1 haciendo en espacios f\u00edsicos educativos es hist\u00f3rica para ampliar las posibilidades de los ni\u00f1os y ni\u00f1as de todo el territorio santafesino\u201d.<\/p>\n<p>ORGULLO<br \/>\nEl intendente de Las Parejas, Horacio Campagnuci, expres\u00f3 que \u201cla palabra inaugurar es la m\u00e1s linda que tenemos en la gesti\u00f3n p\u00fablica. Cuando nos unimos la gesti\u00f3n nacional, provincial y municipal se dan estas cosas y se pueden llevar a cabo. Ac\u00e1 tenemos el futuro de la sociedad y tenemos que apoyarlo\u201d.<\/p>\n<p>En tanto, la directora del jard\u00edn, Mar\u00eda Ver\u00f3nica Vismara, se mostr\u00f3 \u201cfeliz de tener estas visitas en nuestro jard\u00edn que abre las puertas para conocernos en este proceso educativo. Ponemos muchas  expectativas, mucha pasi\u00f3n y mucha energ\u00eda. En este jard\u00edn estamos haciendo cosas para que todos los ni\u00f1os y ni\u00f1as puedan llevar a cabo la educaci\u00f3n y estamos muy orgullosos porque trabajamos como hormigas ya que las peque\u00f1as cosas llevan a grandes transformaciones\u201d.<\/p>\n<p>PRESENTES<br \/>\nEn el acto tambi\u00e9n estuvieron el senador por el departamento Belgrano, Guillermo Cornaglia; el diputado provincial Miguel \u00c1ngel Solis; el delegado de la Regional V de Educaci\u00f3n, Mario Ramos; directivos, docentes y alumnos de la instituci\u00f3n.<\/p>\n<p>LAS OBRAS<br \/>\nConsistieron en la construcci\u00f3n de un aula de nivel inicial y la galer\u00eda por un monto de $ 707.918,48 financiadas por el Ministerio de Educaci\u00f3n y Deportes de la Naci\u00f3n y gestionadas por el gobierno provincial.<\/p>\n","protected":false},"excerpt":{"rendered":"<p>El acto se llev\u00f3 a cabo este viernes en la sede de la instituci\u00f3n educativa. La ministra de Educaci\u00f3n de la provincia, Claudia Balagu\u00e9, presidi\u00f3 este viernes el acto de inauguraci\u00f3n de las obras en el Jard\u00edn de infantes N\u00b0 123 \u201cEdgardo Blas Longo\u201d, ubicado en calle 20 672 de la ciudad de Las Parejas. <a href=\"https:\/\/armstrongyregion.com.ar\/diario\/balague-inauguro-obras-en-el-jardin-de-infantes-n-123-de-las-parejas\/\" title=\"Read more\" >&#8230;<\/a><\/p>\n","protected":false},"author":1,"featured_media":10713,"comment_status":"open","ping_status":"open","sticky":false,"template":"","format":"standard","meta":{"_jetpack_memberships_contains_paid_content":false,"footnotes":"","jetpack_publicize_message":"","jetpack_publicize_feature_enabled":true,"jetpack_social_post_already_shared":false,"jetpack_social_options":{"image_generator_settings":{"template":"highway","default_image_id":0,"enabled":false},"version":2}},"categories":[6,1,3],"tags":[4694],"class_list":["post-10712","post","type-post","status-publish","format-standard","has-post-thumbnail","hentry","category-cultura-entretenimiento","category-diario-armstrong","category-region","tag-balague-inauguro-obras-en-el-jardin-de-infantes-n-123-de-las-parejas"],"jetpack_publicize_connections":[],"jetpack_featured_media_url":"https:\/\/armstrongyregion.com.ar\/diario\/wp-content\/uploads\/2016\/11\/Balague.jpg","jetpack_shortlink":"https:\/\/wp.me\/p62QDO-2MM","jetpack_sharing_enabled":true,"amp_enabled":true,"_links":{"self":[{"href":"https:\/\/armstrongyregion.com.ar\/diario\/wp-json\/wp\/v2\/posts\/10712","targetHints":{"allow":["GET"]}}],"collection":[{"href":"https:\/\/armstrongyregion.com.ar\/diario\/wp-json\/wp\/v2\/posts"}],"about":[{"href":"https:\/\/armstrongyregion.com.ar\/diario\/wp-json\/wp\/v2\/types\/post"}],"author":[{"embeddable":true,"href":"https:\/\/armstrongyregion.com.ar\/diario\/wp-json\/wp\/v2\/users\/1"}],"replies":[{"embeddable":true,"href":"https:\/\/armstrongyregion.com.ar\/diario\/wp-json\/wp\/v2\/comments?post=10712"}],"version-history":[{"count":0,"href":"https:\/\/armstrongyregion.com.ar\/diario\/wp-json\/wp\/v2\/posts\/10712\/revisions"}],"wp:featuredmedia":[{"embeddable":true,"href":"https:\/\/armstrongyregion.com.ar\/diario\/wp-json\/wp\/v2\/media\/10713"}],"wp:attachment":[{"href":"https:\/\/armstrongyregion.com.ar\/diario\/wp-json\/wp\/v2\/media?parent=10712"}],"wp:term":[{"taxonomy":"category","embeddable":true,"href":"https:\/\/armstrongyregion.com.ar\/diario\/wp-json\/wp\/v2\/categories?post=10712"},{"taxonomy":"post_tag","embeddable":true,"href":"https:\/\/armstrongyregion.com.ar\/diario\/wp-json\/wp\/v2\/tags?post=10712"}],"curies":[{"name":"wp","href":"https:\/\/api.w.org\/{rel}","templated":true}]}}