{"id":10679,"date":"2016-11-25T11:37:00","date_gmt":"2016-11-25T11:37:00","guid":{"rendered":"https:\/\/armstrongyregion.com.ar\/diario\/?p=10679"},"modified":"2016-11-25T11:37:00","modified_gmt":"2016-11-25T11:37:00","slug":"gramigna-voto-en-contra-del-aumento-de-patentes","status":"publish","type":"post","link":"https:\/\/armstrongyregion.com.ar\/diario\/gramigna-voto-en-contra-del-aumento-de-patentes\/","title":{"rendered":"Gramigna vot\u00f3 en contra del aumento de patentes."},"content":{"rendered":"<p><a href=\"http:\/\/armstrongyregion.com.ar\/diario\/wp-content\/uploads\/2016\/11\/Gramigna-concejal-2.jpg\"><img loading=\"lazy\" decoding=\"async\" src=\"http:\/\/armstrongyregion.com.ar\/diario\/wp-content\/uploads\/2016\/11\/Gramigna-concejal-2-300x235.jpg\" alt=\"gramigna-concejal\" width=\"300\" height=\"235\" class=\"alignnone size-medium wp-image-10680\" srcset=\"https:\/\/armstrongyregion.com.ar\/diario\/wp-content\/uploads\/2016\/11\/Gramigna-concejal-2-300x235.jpg 300w, https:\/\/armstrongyregion.com.ar\/diario\/wp-content\/uploads\/2016\/11\/Gramigna-concejal-2.jpg 720w\" sizes=\"auto, (max-width: 300px) 100vw, 300px\" \/><\/a>El Concejal Emiliano Gramigna voto en contra de aumentar el 10% de la patente aunque igual se aprob\u00f3 con los votos del bloque oficialista y del Frente Justicialista para la Victoria.<br \/>\nAl ser consultado el Concejal manifest\u00f3 \u00abvotar el aumento de patentes es volver a exprimirle el bolsillo a los vecinos, aunque igual se aprob\u00f3 gracias a los votos positivos del radicalismo y de Fischer\u00bb.<br \/>\nSiguiendo una misma l\u00ednea de discurso dijo,  \u00bb En un momento donde tenemos una presi\u00f3n impositiva enorme aumentar la patente me parece imprudente, aunque tal vez el perjudicado sea yo debido a que la patente se cobra fines del 2017 y va a haber un cambio de gesti\u00f3n, pero para eso est\u00e1 el fondo de obras menores, el programa equipar y el fondo sojero por lo cual nunca van a faltar recursos para hacer las obras que no se est\u00e1n haciendo\u00bb.<br \/>\nPara finalizar agreg\u00f3 \u00abten\u00edamos la responsabilidad y la oportunidad de no agregarle otro aumento a la gente, la protecci\u00f3n del bolsillo de los vecinos no debe ser s\u00f3lo para el discurso sino que se debe llevar con acciones concretas, aunque evidentemente no todos los pol\u00edticos lo entienden as\u00ed\u00bb<\/p>\n","protected":false},"excerpt":{"rendered":"<p>El Concejal Emiliano Gramigna voto en contra de aumentar el 10% de la patente aunque igual se aprob\u00f3 con los votos del bloque oficialista y del Frente Justicialista para la Victoria. Al ser consultado el Concejal manifest\u00f3 \u00abvotar el aumento de patentes es volver a exprimirle el bolsillo a los vecinos, aunque igual se aprob\u00f3 <a href=\"https:\/\/armstrongyregion.com.ar\/diario\/gramigna-voto-en-contra-del-aumento-de-patentes\/\" title=\"Read more\" >&#8230;<\/a><\/p>\n","protected":false},"author":1,"featured_media":10680,"comment_status":"open","ping_status":"open","sticky":false,"template":"","format":"standard","meta":{"_jetpack_memberships_contains_paid_content":false,"footnotes":"","jetpack_publicize_message":"","jetpack_publicize_feature_enabled":true,"jetpack_social_post_already_shared":false,"jetpack_social_options":{"image_generator_settings":{"template":"highway","default_image_id":0,"enabled":false},"version":2}},"categories":[1,2,7],"tags":[4684],"class_list":["post-10679","post","type-post","status-publish","format-standard","has-post-thumbnail","hentry","category-diario-armstrong","category-locales","category-politica","tag-gramigna-voto-en-contra-del-aumento-de-patentes"],"jetpack_publicize_connections":[],"jetpack_featured_media_url":"https:\/\/armstrongyregion.com.ar\/diario\/wp-content\/uploads\/2016\/11\/Gramigna-concejal-2.jpg","jetpack_shortlink":"https:\/\/wp.me\/p62QDO-2Mf","jetpack_sharing_enabled":true,"amp_enabled":true,"_links":{"self":[{"href":"https:\/\/armstrongyregion.com.ar\/diario\/wp-json\/wp\/v2\/posts\/10679","targetHints":{"allow":["GET"]}}],"collection":[{"href":"https:\/\/armstrongyregion.com.ar\/diario\/wp-json\/wp\/v2\/posts"}],"about":[{"href":"https:\/\/armstrongyregion.com.ar\/diario\/wp-json\/wp\/v2\/types\/post"}],"author":[{"embeddable":true,"href":"https:\/\/armstrongyregion.com.ar\/diario\/wp-json\/wp\/v2\/users\/1"}],"replies":[{"embeddable":true,"href":"https:\/\/armstrongyregion.com.ar\/diario\/wp-json\/wp\/v2\/comments?post=10679"}],"version-history":[{"count":0,"href":"https:\/\/armstrongyregion.com.ar\/diario\/wp-json\/wp\/v2\/posts\/10679\/revisions"}],"wp:featuredmedia":[{"embeddable":true,"href":"https:\/\/armstrongyregion.com.ar\/diario\/wp-json\/wp\/v2\/media\/10680"}],"wp:attachment":[{"href":"https:\/\/armstrongyregion.com.ar\/diario\/wp-json\/wp\/v2\/media?parent=10679"}],"wp:term":[{"taxonomy":"category","embeddable":true,"href":"https:\/\/armstrongyregion.com.ar\/diario\/wp-json\/wp\/v2\/categories?post=10679"},{"taxonomy":"post_tag","embeddable":true,"href":"https:\/\/armstrongyregion.com.ar\/diario\/wp-json\/wp\/v2\/tags?post=10679"}],"curies":[{"name":"wp","href":"https:\/\/api.w.org\/{rel}","templated":true}]}}