{"id":10664,"date":"2016-11-23T20:08:21","date_gmt":"2016-11-23T20:08:21","guid":{"rendered":"https:\/\/armstrongyregion.com.ar\/diario\/?p=10664"},"modified":"2016-11-23T20:08:21","modified_gmt":"2016-11-23T20:08:21","slug":"solis-fue-una-valiosa-experiencia-que-ayudara-a-mejorar-nuestra-tarea-legislativa","status":"publish","type":"post","link":"https:\/\/armstrongyregion.com.ar\/diario\/solis-fue-una-valiosa-experiencia-que-ayudara-a-mejorar-nuestra-tarea-legislativa\/","title":{"rendered":"Solis: \u201cFue una valiosa experiencia que ayudara a mejorar nuestra tarea legislativa\u201d"},"content":{"rendered":"<p><a href=\"http:\/\/armstrongyregion.com.ar\/diario\/wp-content\/uploads\/2016\/11\/solis-clerici-.jpg\"><img loading=\"lazy\" decoding=\"async\" src=\"http:\/\/armstrongyregion.com.ar\/diario\/wp-content\/uploads\/2016\/11\/solis-clerici--300x223.jpg\" alt=\"solis-clerici\" width=\"300\" height=\"223\" class=\"alignnone size-medium wp-image-10665\" srcset=\"https:\/\/armstrongyregion.com.ar\/diario\/wp-content\/uploads\/2016\/11\/solis-clerici--300x223.jpg 300w, https:\/\/armstrongyregion.com.ar\/diario\/wp-content\/uploads\/2016\/11\/solis-clerici-.jpg 768w\" sizes=\"auto, (max-width: 300px) 100vw, 300px\" \/><\/a> El diputado socialista Miguel Solis participo en Barcelona de una nueva edici\u00f3n del Congreso Mundial de Ciudades Inteligentes, Smart City Expo World Congress, junto a una delegaci\u00f3n de legisladores santafesinos y de las concejales de Las Parejas, Arq. Sandra Clerici y Dra. Roxana Collaud(PS-FPCyS).<\/p>\n<p>     Cerca de 500 urbes de los cinco continentes se dieron cita en el predio FIRA en Barcelona para abordar los retos de transformaci\u00f3n urbana que deber\u00e1n afrontar en el futuro pr\u00f3ximo para garantizar la sostenibilidad de nuestra sociedad. Smart City Expo World Congress se ha convertido en el \u00e1mbito ideal para recurrir en busca de los recursos necesarios para combinar las ideas y herramientas de disciplinas como la movilidad, la tecnolog\u00eda, la eficiencia energ\u00e9tica, el urbanismo y la econom\u00eda del conocimiento.<\/p>\n<p>     Los encargados de sentar las bases de este futuro urbano fueron los 400 ponentes de prestigio internacional que participaron en las sesiones y meses redondas del congreso. El intercambio de experiencias y el impulso de iniciativas conjuntas fue el eje principal de la participaci\u00f3n de las ciudades presentes en Barcelona.<\/p>\n<p>     Solis expres\u00f3 que \u201cesta experiencia nos ser\u00e1 de enorme utilidad para mejorar nuestra tarea legislativa, en temas tan relevantes como vivienda y h\u00e1bitat, desarrollo urbano, seguridad digital, telefon\u00eda, energ\u00edas limpias y tantos otros que fueron abordados con una mirada amplia y global sobre el presente y el futuro de las grandes ciudades del mundo\u201d.<\/p>\n","protected":false},"excerpt":{"rendered":"<p>El diputado socialista Miguel Solis participo en Barcelona de una nueva edici\u00f3n del Congreso Mundial de Ciudades Inteligentes, Smart City Expo World Congress, junto a una delegaci\u00f3n de legisladores santafesinos y de las concejales de Las Parejas, Arq. Sandra Clerici y Dra. Roxana Collaud(PS-FPCyS). Cerca de 500 urbes de los cinco continentes se dieron cita <a href=\"https:\/\/armstrongyregion.com.ar\/diario\/solis-fue-una-valiosa-experiencia-que-ayudara-a-mejorar-nuestra-tarea-legislativa\/\" title=\"Read more\" >&#8230;<\/a><\/p>\n","protected":false},"author":1,"featured_media":10665,"comment_status":"open","ping_status":"open","sticky":false,"template":"","format":"standard","meta":{"_jetpack_memberships_contains_paid_content":false,"footnotes":"","jetpack_publicize_message":"","jetpack_publicize_feature_enabled":true,"jetpack_social_post_already_shared":false,"jetpack_social_options":{"image_generator_settings":{"template":"highway","default_image_id":0,"enabled":false},"version":2}},"categories":[1,2,7,3],"tags":[4679],"class_list":["post-10664","post","type-post","status-publish","format-standard","has-post-thumbnail","hentry","category-diario-armstrong","category-locales","category-politica","category-region","tag-solis-fue-una-valiosa-experiencia-que-ayudara-a-mejorar-nuestra-tarea-legislativa"],"jetpack_publicize_connections":[],"jetpack_featured_media_url":"https:\/\/armstrongyregion.com.ar\/diario\/wp-content\/uploads\/2016\/11\/solis-clerici-.jpg","jetpack_shortlink":"https:\/\/wp.me\/p62QDO-2M0","jetpack_sharing_enabled":true,"amp_enabled":true,"_links":{"self":[{"href":"https:\/\/armstrongyregion.com.ar\/diario\/wp-json\/wp\/v2\/posts\/10664","targetHints":{"allow":["GET"]}}],"collection":[{"href":"https:\/\/armstrongyregion.com.ar\/diario\/wp-json\/wp\/v2\/posts"}],"about":[{"href":"https:\/\/armstrongyregion.com.ar\/diario\/wp-json\/wp\/v2\/types\/post"}],"author":[{"embeddable":true,"href":"https:\/\/armstrongyregion.com.ar\/diario\/wp-json\/wp\/v2\/users\/1"}],"replies":[{"embeddable":true,"href":"https:\/\/armstrongyregion.com.ar\/diario\/wp-json\/wp\/v2\/comments?post=10664"}],"version-history":[{"count":0,"href":"https:\/\/armstrongyregion.com.ar\/diario\/wp-json\/wp\/v2\/posts\/10664\/revisions"}],"wp:featuredmedia":[{"embeddable":true,"href":"https:\/\/armstrongyregion.com.ar\/diario\/wp-json\/wp\/v2\/media\/10665"}],"wp:attachment":[{"href":"https:\/\/armstrongyregion.com.ar\/diario\/wp-json\/wp\/v2\/media?parent=10664"}],"wp:term":[{"taxonomy":"category","embeddable":true,"href":"https:\/\/armstrongyregion.com.ar\/diario\/wp-json\/wp\/v2\/categories?post=10664"},{"taxonomy":"post_tag","embeddable":true,"href":"https:\/\/armstrongyregion.com.ar\/diario\/wp-json\/wp\/v2\/tags?post=10664"}],"curies":[{"name":"wp","href":"https:\/\/api.w.org\/{rel}","templated":true}]}}