{"id":1057,"date":"2015-02-26T04:04:28","date_gmt":"2015-02-26T04:04:28","guid":{"rendered":"https:\/\/armstrongyregion.com.ar\/diario\/?p=1057"},"modified":"2015-02-26T04:04:28","modified_gmt":"2015-02-26T04:04:28","slug":"las-rosas-desarrollaran-un-plan-integral-urbano","status":"publish","type":"post","link":"https:\/\/armstrongyregion.com.ar\/diario\/las-rosas-desarrollaran-un-plan-integral-urbano\/","title":{"rendered":"Las Rosas: Desarrollar\u00e1n un Plan Integral Urbano."},"content":{"rendered":"<p><a href=\"http:\/\/armstrongyregion.com.ar\/diario\/wp-content\/uploads\/2015\/02\/Plan-Integral-Urbano-Las-Rosas.jpg\"><img loading=\"lazy\" decoding=\"async\" class=\"alignnone size-medium wp-image-1058\" src=\"http:\/\/armstrongyregion.com.ar\/diario\/wp-content\/uploads\/2015\/02\/Plan-Integral-Urbano-Las-Rosas-300x200.jpg\" alt=\"Plan Integral Urbano Las Rosas\" width=\"300\" height=\"200\" srcset=\"https:\/\/armstrongyregion.com.ar\/diario\/wp-content\/uploads\/2015\/02\/Plan-Integral-Urbano-Las-Rosas-300x200.jpg 300w, https:\/\/armstrongyregion.com.ar\/diario\/wp-content\/uploads\/2015\/02\/Plan-Integral-Urbano-Las-Rosas.jpg 750w\" sizes=\"auto, (max-width: 300px) 100vw, 300px\" \/><\/a>El Arq. Rafael Araya integrante del equipo de trabajo del Senador Provincial, Alberto Crossetti, recorri\u00f3 la Ciudad de Las Rosas acompa\u00f1ado del Concejal y precandidato a Intendente en las PASO de Abril del corriente a\u00f1o, Pedro De A\u00f1ais, con la finalidad de desarrollar un Plan Urbano General, pensando fundamentalmente en los espacios p\u00fablicos e ingresos de la Ciudad de Las Rosas. El Arq. Araya manifest\u00f3 \u201chemos observado una ciudad con un potencial enorme que posee muchos espacios p\u00fablicos desdibujados\u201d. Adem\u00e1s Araya continu\u00f3 \u201ctrabajaremos entonces en un dise\u00f1o para el desarrollo integral urbano de la Ciudad de Las Rosas que incluye el mejoramiento de los accesos principales, un cambio significativo en la zona c\u00e9ntrica y jerarquizaci\u00f3n de los espacios p\u00fablicos que abarca las plazas, parques Espa\u00f1a y San Mart\u00edn, predio de ferrocarriles, entre otros\u201d.<br \/>\nEl Dr. Pedro De A\u00f1ais se refiri\u00f3 al proyecto de Plan Urbano para la cabecera del departamento Belgrano \u201crecorrimos la Ciudad junto al Arq. Araya un profesional destacado que nos aportar\u00e1 ideas para una Ciudad moderna, como nos merecemos todos los rosenses\u201d. El edil se\u00f1alo que trabajar\u00e1 junto al Senador Crossetti en una agenda com\u00fan para la ciudad \u201ctenemos una propuesta para cada \u00e1rea que daremos a conocer a los ciudadanos en los pr\u00f3ximos d\u00edas\u201d se\u00f1al\u00f3 De A\u00f1ais.<br \/>\nCrossetti manifest\u00f3 \u201cJunto a Pedro De A\u00f1ais le ofreceremos a los vecinos de Las Rosas un dise\u00f1o de Ciudad que marque un antes y un despu\u00e9s, renovando sus accesos, zona c\u00e9ntrica y espacios p\u00fablicos\u201d.<\/p>\n","protected":false},"excerpt":{"rendered":"<p>El Arq. Rafael Araya integrante del equipo de trabajo del Senador Provincial, Alberto Crossetti, recorri\u00f3 la Ciudad de Las Rosas acompa\u00f1ado del Concejal y precandidato a Intendente en las PASO de Abril del corriente a\u00f1o, Pedro De A\u00f1ais, con la finalidad de desarrollar un Plan Urbano General, pensando fundamentalmente en los espacios p\u00fablicos e ingresos <a href=\"https:\/\/armstrongyregion.com.ar\/diario\/las-rosas-desarrollaran-un-plan-integral-urbano\/\" title=\"Read more\" >&#8230;<\/a><\/p>\n","protected":false},"author":2,"featured_media":1058,"comment_status":"open","ping_status":"open","sticky":false,"template":"","format":"standard","meta":{"_jetpack_memberships_contains_paid_content":false,"footnotes":"","jetpack_publicize_message":"","jetpack_publicize_feature_enabled":true,"jetpack_social_post_already_shared":false,"jetpack_social_options":{"image_generator_settings":{"template":"highway","default_image_id":0,"enabled":false},"version":2}},"categories":[1,7,3],"tags":[964,965,23,177,361,192,966],"class_list":["post-1057","post","type-post","status-publish","format-standard","has-post-thumbnail","hentry","category-diario-armstrong","category-politica","category-region","tag-desarrollaran","tag-integral","tag-las","tag-plan","tag-rosas","tag-un","tag-urbano"],"jetpack_publicize_connections":[],"jetpack_featured_media_url":"https:\/\/armstrongyregion.com.ar\/diario\/wp-content\/uploads\/2015\/02\/Plan-Integral-Urbano-Las-Rosas.jpg","jetpack_shortlink":"https:\/\/wp.me\/p62QDO-h3","jetpack_sharing_enabled":true,"amp_enabled":true,"_links":{"self":[{"href":"https:\/\/armstrongyregion.com.ar\/diario\/wp-json\/wp\/v2\/posts\/1057","targetHints":{"allow":["GET"]}}],"collection":[{"href":"https:\/\/armstrongyregion.com.ar\/diario\/wp-json\/wp\/v2\/posts"}],"about":[{"href":"https:\/\/armstrongyregion.com.ar\/diario\/wp-json\/wp\/v2\/types\/post"}],"author":[{"embeddable":true,"href":"https:\/\/armstrongyregion.com.ar\/diario\/wp-json\/wp\/v2\/users\/2"}],"replies":[{"embeddable":true,"href":"https:\/\/armstrongyregion.com.ar\/diario\/wp-json\/wp\/v2\/comments?post=1057"}],"version-history":[{"count":0,"href":"https:\/\/armstrongyregion.com.ar\/diario\/wp-json\/wp\/v2\/posts\/1057\/revisions"}],"wp:featuredmedia":[{"embeddable":true,"href":"https:\/\/armstrongyregion.com.ar\/diario\/wp-json\/wp\/v2\/media\/1058"}],"wp:attachment":[{"href":"https:\/\/armstrongyregion.com.ar\/diario\/wp-json\/wp\/v2\/media?parent=1057"}],"wp:term":[{"taxonomy":"category","embeddable":true,"href":"https:\/\/armstrongyregion.com.ar\/diario\/wp-json\/wp\/v2\/categories?post=1057"},{"taxonomy":"post_tag","embeddable":true,"href":"https:\/\/armstrongyregion.com.ar\/diario\/wp-json\/wp\/v2\/tags?post=1057"}],"curies":[{"name":"wp","href":"https:\/\/api.w.org\/{rel}","templated":true}]}}