{"id":10544,"date":"2016-11-16T12:44:38","date_gmt":"2016-11-16T12:44:38","guid":{"rendered":"https:\/\/armstrongyregion.com.ar\/diario\/?p=10544"},"modified":"2016-11-16T12:44:38","modified_gmt":"2016-11-16T12:44:38","slug":"lanzamiento-oficial-fiesta-armstrong-tierra-mia","status":"publish","type":"post","link":"https:\/\/armstrongyregion.com.ar\/diario\/lanzamiento-oficial-fiesta-armstrong-tierra-mia\/","title":{"rendered":"Lanzamiento oficial fiesta \u201cArmstrong Tierra M\u00eda\u201d"},"content":{"rendered":"<p><a href=\"http:\/\/armstrongyregion.com.ar\/diario\/wp-content\/uploads\/2016\/11\/atm-2016-1.jpg\"><img loading=\"lazy\" decoding=\"async\" src=\"http:\/\/armstrongyregion.com.ar\/diario\/wp-content\/uploads\/2016\/11\/atm-2016-1-300x209.jpg\" alt=\"atm-2016-1\" width=\"300\" height=\"209\" class=\"alignnone size-medium wp-image-10545\" srcset=\"https:\/\/armstrongyregion.com.ar\/diario\/wp-content\/uploads\/2016\/11\/atm-2016-1-300x209.jpg 300w, https:\/\/armstrongyregion.com.ar\/diario\/wp-content\/uploads\/2016\/11\/atm-2016-1-1024x713.jpg 1024w\" sizes=\"auto, (max-width: 300px) 100vw, 300px\" \/><\/a>La Municipalidad de Armstrong invita a toda la ciudadan\u00eda al lanzamiento oficial de la Fiesta \u201cArmstrong Tierra M\u00eda\u201d que se realizar\u00e1 el mi\u00e9rcoles 16 de noviembre a las 20 hs. en el sal\u00f3n auditorio Delmo Dar\u00f3.<\/p>\n<p>En la oportunidad se dar\u00e1 a conocer la programaci\u00f3n completa prevista para los d\u00edas 16, 17 y 18 de diciembre en Plaza San Mart\u00edn con motivo de celebrarse el 134\u00b0 aniversario de la fundaci\u00f3n de nuestra ciudad, y los detalles de la organizaci\u00f3n.<br \/>\nTodos somos parte de esta fiesta, es por ello que se convoca a autoridades, instituciones, empresas, comercios y p\u00fablico en general.<\/p>\n","protected":false},"excerpt":{"rendered":"<p>La Municipalidad de Armstrong invita a toda la ciudadan\u00eda al lanzamiento oficial de la Fiesta \u201cArmstrong Tierra M\u00eda\u201d que se realizar\u00e1 el mi\u00e9rcoles 16 de noviembre a las 20 hs. en el sal\u00f3n auditorio Delmo Dar\u00f3. En la oportunidad se dar\u00e1 a conocer la programaci\u00f3n completa prevista para los d\u00edas 16, 17 y 18 de <a href=\"https:\/\/armstrongyregion.com.ar\/diario\/lanzamiento-oficial-fiesta-armstrong-tierra-mia\/\" title=\"Read more\" >&#8230;<\/a><\/p>\n","protected":false},"author":1,"featured_media":10545,"comment_status":"open","ping_status":"open","sticky":false,"template":"","format":"standard","meta":{"_jetpack_memberships_contains_paid_content":false,"footnotes":"","jetpack_publicize_message":"","jetpack_publicize_feature_enabled":true,"jetpack_social_post_already_shared":false,"jetpack_social_options":{"image_generator_settings":{"template":"highway","default_image_id":0,"enabled":false},"version":2}},"categories":[8,1,2],"tags":[4644],"class_list":["post-10544","post","type-post","status-publish","format-standard","has-post-thumbnail","hentry","category-deliberando","category-diario-armstrong","category-locales","tag-lanzamiento-oficial-fiesta-armstrong-tierra-mia"],"jetpack_publicize_connections":[],"jetpack_featured_media_url":"https:\/\/armstrongyregion.com.ar\/diario\/wp-content\/uploads\/2016\/11\/atm-2016-1.jpg","jetpack_shortlink":"https:\/\/wp.me\/p62QDO-2K4","jetpack_sharing_enabled":true,"amp_enabled":true,"_links":{"self":[{"href":"https:\/\/armstrongyregion.com.ar\/diario\/wp-json\/wp\/v2\/posts\/10544","targetHints":{"allow":["GET"]}}],"collection":[{"href":"https:\/\/armstrongyregion.com.ar\/diario\/wp-json\/wp\/v2\/posts"}],"about":[{"href":"https:\/\/armstrongyregion.com.ar\/diario\/wp-json\/wp\/v2\/types\/post"}],"author":[{"embeddable":true,"href":"https:\/\/armstrongyregion.com.ar\/diario\/wp-json\/wp\/v2\/users\/1"}],"replies":[{"embeddable":true,"href":"https:\/\/armstrongyregion.com.ar\/diario\/wp-json\/wp\/v2\/comments?post=10544"}],"version-history":[{"count":0,"href":"https:\/\/armstrongyregion.com.ar\/diario\/wp-json\/wp\/v2\/posts\/10544\/revisions"}],"wp:featuredmedia":[{"embeddable":true,"href":"https:\/\/armstrongyregion.com.ar\/diario\/wp-json\/wp\/v2\/media\/10545"}],"wp:attachment":[{"href":"https:\/\/armstrongyregion.com.ar\/diario\/wp-json\/wp\/v2\/media?parent=10544"}],"wp:term":[{"taxonomy":"category","embeddable":true,"href":"https:\/\/armstrongyregion.com.ar\/diario\/wp-json\/wp\/v2\/categories?post=10544"},{"taxonomy":"post_tag","embeddable":true,"href":"https:\/\/armstrongyregion.com.ar\/diario\/wp-json\/wp\/v2\/tags?post=10544"}],"curies":[{"name":"wp","href":"https:\/\/api.w.org\/{rel}","templated":true}]}}