{"id":1053,"date":"2015-02-26T03:47:02","date_gmt":"2015-02-26T03:47:02","guid":{"rendered":"https:\/\/armstrongyregion.com.ar\/diario\/?p=1053"},"modified":"2015-02-26T03:47:02","modified_gmt":"2015-02-26T03:47:02","slug":"el-precandidato-a-gobernador-oscar-cachi-martinez-estuvo-en-armstrong-participando-de-una-rueda-de-prensa","status":"publish","type":"post","link":"https:\/\/armstrongyregion.com.ar\/diario\/el-precandidato-a-gobernador-oscar-cachi-martinez-estuvo-en-armstrong-participando-de-una-rueda-de-prensa\/","title":{"rendered":"El precandidato a gobernador Oscar Cachi Mart\u00ednez estuvo en Armstrong participando de una rueda de prensa."},"content":{"rendered":"<p><a href=\"http:\/\/armstrongyregion.com.ar\/diario\/wp-content\/uploads\/2015\/02\/10492565_809546669126082_7866020295844943171_n.jpg\"><img loading=\"lazy\" decoding=\"async\" class=\"alignnone size-medium wp-image-1054\" src=\"http:\/\/armstrongyregion.com.ar\/diario\/wp-content\/uploads\/2015\/02\/10492565_809546669126082_7866020295844943171_n-300x176.jpg\" alt=\"Gramigna concejal\" width=\"300\" height=\"176\" srcset=\"https:\/\/armstrongyregion.com.ar\/diario\/wp-content\/uploads\/2015\/02\/10492565_809546669126082_7866020295844943171_n-300x176.jpg 300w, https:\/\/armstrongyregion.com.ar\/diario\/wp-content\/uploads\/2015\/02\/10492565_809546669126082_7866020295844943171_n.jpg 768w\" sizes=\"auto, (max-width: 300px) 100vw, 300px\" \/><\/a>El precandidato a gobernador, daba comienzo a la conferencia de la siguiente manera, \u00a8Tengo el enorme orgullo de venir como candidato de Sergio Massa y el Frente Renovador y con esta f\u00f3rmula que hemos constituido con Ver\u00f3nica Baro Graf que representa el adn de nuestro espacio, que es la construcci\u00f3n de la diversidad, en un pa\u00eds donde nos quieren hacer creer que todo es blanco o negro, nosotros queremos construir una provincia de colores\u00a8.<br \/>\nTambi\u00e9n expres\u00f3 estar muy orgulloso de que Roberto Gramigna represente al Frente Renovador en el Dto Belgrano, porque los dirigentes de este proyecto, dicen privilegiar la construcci\u00f3n de una Argentina distinta.<br \/>\nMart\u00ednez estuvo acompa\u00f1ado por la candidata a vice gobernadora Ver\u00f3nica Bar\u00f3 Graf, Susana Rueda, candidata a Diputada Provincial, Roberto Gramigna Pre candidato a senador por el dto. Belgrano, Emiliano Gramigna precandidato a Concejal de Armstrong y Sebastian Caggiano referente del Frente Renovador en Ca\u00f1ada de G\u00f3mez.<\/p>\n","protected":false},"excerpt":{"rendered":"<p>El precandidato a gobernador, daba comienzo a la conferencia de la siguiente manera, \u00a8Tengo el enorme orgullo de venir como candidato de Sergio Massa y el Frente Renovador y con esta f\u00f3rmula que hemos constituido con Ver\u00f3nica Baro Graf que representa el adn de nuestro espacio, que es la construcci\u00f3n de la diversidad, en un <a href=\"https:\/\/armstrongyregion.com.ar\/diario\/el-precandidato-a-gobernador-oscar-cachi-martinez-estuvo-en-armstrong-participando-de-una-rueda-de-prensa\/\" title=\"Read more\" >&#8230;<\/a><\/p>\n","protected":false},"author":2,"featured_media":1054,"comment_status":"open","ping_status":"open","sticky":false,"template":"","format":"standard","meta":{"_jetpack_memberships_contains_paid_content":false,"footnotes":"","jetpack_publicize_message":"","jetpack_publicize_feature_enabled":true,"jetpack_social_post_already_shared":false,"jetpack_social_options":{"image_generator_settings":{"template":"highway","default_image_id":0,"enabled":false},"version":2}},"categories":[1,2,7],"tags":[33,20,959,19,16,15,961,766,960,958,962,957,963,396,103],"class_list":["post-1053","post","type-post","status-publish","format-standard","has-post-thumbnail","hentry","category-diario-armstrong","category-locales","category-politica","tag-a","tag-armstrong","tag-cachi","tag-de","tag-el","tag-en","tag-estuvo","tag-gobernador","tag-martinez","tag-oscar","tag-participando","tag-precandidato","tag-prensa","tag-rueda","tag-una"],"jetpack_publicize_connections":[],"jetpack_featured_media_url":"https:\/\/armstrongyregion.com.ar\/diario\/wp-content\/uploads\/2015\/02\/10492565_809546669126082_7866020295844943171_n.jpg","jetpack_shortlink":"https:\/\/wp.me\/p62QDO-gZ","jetpack_sharing_enabled":true,"amp_enabled":true,"_links":{"self":[{"href":"https:\/\/armstrongyregion.com.ar\/diario\/wp-json\/wp\/v2\/posts\/1053","targetHints":{"allow":["GET"]}}],"collection":[{"href":"https:\/\/armstrongyregion.com.ar\/diario\/wp-json\/wp\/v2\/posts"}],"about":[{"href":"https:\/\/armstrongyregion.com.ar\/diario\/wp-json\/wp\/v2\/types\/post"}],"author":[{"embeddable":true,"href":"https:\/\/armstrongyregion.com.ar\/diario\/wp-json\/wp\/v2\/users\/2"}],"replies":[{"embeddable":true,"href":"https:\/\/armstrongyregion.com.ar\/diario\/wp-json\/wp\/v2\/comments?post=1053"}],"version-history":[{"count":0,"href":"https:\/\/armstrongyregion.com.ar\/diario\/wp-json\/wp\/v2\/posts\/1053\/revisions"}],"wp:featuredmedia":[{"embeddable":true,"href":"https:\/\/armstrongyregion.com.ar\/diario\/wp-json\/wp\/v2\/media\/1054"}],"wp:attachment":[{"href":"https:\/\/armstrongyregion.com.ar\/diario\/wp-json\/wp\/v2\/media?parent=1053"}],"wp:term":[{"taxonomy":"category","embeddable":true,"href":"https:\/\/armstrongyregion.com.ar\/diario\/wp-json\/wp\/v2\/categories?post=1053"},{"taxonomy":"post_tag","embeddable":true,"href":"https:\/\/armstrongyregion.com.ar\/diario\/wp-json\/wp\/v2\/tags?post=1053"}],"curies":[{"name":"wp","href":"https:\/\/api.w.org\/{rel}","templated":true}]}}