{"id":10522,"date":"2016-11-14T20:31:06","date_gmt":"2016-11-14T20:31:06","guid":{"rendered":"https:\/\/armstrongyregion.com.ar\/diario\/?p=10522"},"modified":"2016-11-14T20:31:06","modified_gmt":"2016-11-14T20:31:06","slug":"canta-conmigo-se-presento-en-la-comunidad-de-bouquet","status":"publish","type":"post","link":"https:\/\/armstrongyregion.com.ar\/diario\/canta-conmigo-se-presento-en-la-comunidad-de-bouquet\/","title":{"rendered":"\u00abCant\u00e1 Conmigo\u00bb se present\u00f3 en la comunidad de Bouquet."},"content":{"rendered":"<p><a href=\"http:\/\/armstrongyregion.com.ar\/diario\/wp-content\/uploads\/2016\/11\/cornagli13.jpg\"><img loading=\"lazy\" decoding=\"async\" src=\"http:\/\/armstrongyregion.com.ar\/diario\/wp-content\/uploads\/2016\/11\/cornagli13-300x225.jpg\" alt=\"cornagli13\" width=\"300\" height=\"225\" class=\"alignnone size-medium wp-image-10523\" srcset=\"https:\/\/armstrongyregion.com.ar\/diario\/wp-content\/uploads\/2016\/11\/cornagli13-300x225.jpg 300w, https:\/\/armstrongyregion.com.ar\/diario\/wp-content\/uploads\/2016\/11\/cornagli13.jpg 768w\" sizes=\"auto, (max-width: 300px) 100vw, 300px\" \/><\/a>En la noche del domingo 13 de noviembre, en el E.E.S.O. N\u00b0 352 se present\u00f3 \u201cCant\u00e1 Conmigo\u201d, proyecto del Ente Cultural Santafesino.<\/p>\n<p>A trav\u00e9s de la Direcci\u00f3n Nacional de Industrias Culturales del Ministerio de Cultura de la Naci\u00f3n (per\u00edodo 2011-2015) y de la Diputada Provincial Claudia Giaccone; se llev\u00f3 a cabo este proyecto que cont\u00f3 con el objetivo de estimular y difundir lo m\u00e1s reciente de la creaci\u00f3n musical santafesina. El Ente Cultural Santafesino convoc\u00f3 durante el a\u00f1o 2014 a compositores santafesinos a participar de dicho concurso el cual fue registrado y supervisado por el Ingeniero Andr\u00e9s Mayo y todo su equipo de trabajo.<\/p>\n<p>Bouquet fue una de las sedes en la que concluy\u00f3 este maravilloso trabajo, contando con la participaci\u00f3n de Nery Lucero Magno (Ca\u00f1ada de Ucle),  Alberto Mario Sbrascini\u201d (San Genaro),  Mart\u00edn Gonz\u00e1lez (Bouquet), estos \u00faltimos presentes en la jornada de proyecci\u00f3n.<\/p>\n<p>Del evento participaron el Presidente del Ente Cultural Lic Leonardo Carrozza, la Diputada Provincial Claudia Giaccone, el Senador Departamental Guillermo Cornaglia, la Prof. Flavia Curone y el Coordinador del ECS Prof. Fernando Banegas, junto a vecinos y participantes que disfrutaron de esta excelente propuesta cultural de integraci\u00f3n territorial que permite estimular y difundir lo m\u00e1s reciente de la creaci\u00f3n musical santafesina.<\/p>\n<p>\u201cCant\u00e1 Conmigo\u201d se grab\u00f3 del 21 al 23 de agosto de 2015 en los escenarios naturales de las localidades de: Arroyo Leyes, Ramona y Bouquet junto a los compositores: Canciones al viento \u201cNery Lucero Magno\u201d- Ca\u00f1ada de Ucle, Cruz\u00e1ndote con mi soledad \u201cY que sea Rock\u201d- Ramona, Cuando suenan chacarera \u201cAlberto Mario Sbrasini\u201d- San Genaro, Pintor de sue\u00f1os \u201cCarlos \u201cPiki\u201d Bieri\u201d- Romang, Do\u00f1a Rita \u201cLucho Milocco\u201d- Sastre, Por amor a Mar\u00eda \u201cOrlando Gauna\u201d Arroyo Leyes, Te extra\u00f1o \u201cMart\u00edn Gonz\u00e1lez \u201dBouquet, Te sigo buscando \u201cGonzalo Ben\u00edtez\u201d- Sarmiento, Te vas \u201cAlfredo Ram\u00f3n Castelli\u201d Mar\u00eda Juana, Chacarera a mi pago \u201cFacundo Quiroga\u201d Tostado.<\/p>\n<p>El objetivo del proyecto fue estimular y difundir lo m\u00e1s reciente de la creaci\u00f3n musical santafesina, y la selecci\u00f3n de m\u00fasicos se realiz\u00f3 a partir de una convocatoria que en 2014 efectu\u00f3 el Ente Cultural Santafesino a compositores santafesinos a participar de dicho concurso, el cual fue registrado y supervisado por el Ingeniero Andr\u00e9s Mayo y todo su equipo de trabajo.<\/p>\n<p>El video recorre el territorio provincial, entre sus intensos colores, sus enormes diversidades, sus variados ritmos de aqu\u00ed y de all\u00e1. Las canciones y sus cantores, nos permitir\u00e1n so\u00f1ar e imaginar cada camino transitado en esta extensa Santa Fe, con sus historias, sus paisajes y sus habitantes.<\/p>\n<p>La noche termin\u00f3 con las presentaciones de Alberto Mario Sbrascini (San Genaro) y de Martin Gonz\u00e1lez y Los del Futuro (Bouquet)<\/p>\n","protected":false},"excerpt":{"rendered":"<p>En la noche del domingo 13 de noviembre, en el E.E.S.O. N\u00b0 352 se present\u00f3 \u201cCant\u00e1 Conmigo\u201d, proyecto del Ente Cultural Santafesino. A trav\u00e9s de la Direcci\u00f3n Nacional de Industrias Culturales del Ministerio de Cultura de la Naci\u00f3n (per\u00edodo 2011-2015) y de la Diputada Provincial Claudia Giaccone; se llev\u00f3 a cabo este proyecto que cont\u00f3 <a href=\"https:\/\/armstrongyregion.com.ar\/diario\/canta-conmigo-se-presento-en-la-comunidad-de-bouquet\/\" title=\"Read more\" >&#8230;<\/a><\/p>\n","protected":false},"author":1,"featured_media":10523,"comment_status":"open","ping_status":"open","sticky":false,"template":"","format":"standard","meta":{"_jetpack_memberships_contains_paid_content":false,"footnotes":"","jetpack_publicize_message":"","jetpack_publicize_feature_enabled":true,"jetpack_social_post_already_shared":false,"jetpack_social_options":{"image_generator_settings":{"template":"highway","default_image_id":0,"enabled":false},"version":2}},"categories":[6,1,3],"tags":[4639],"class_list":["post-10522","post","type-post","status-publish","format-standard","has-post-thumbnail","hentry","category-cultura-entretenimiento","category-diario-armstrong","category-region","tag-canta-conmigo-se-presento-en-la-comunidad-de-bouquet"],"jetpack_publicize_connections":[],"jetpack_featured_media_url":"https:\/\/armstrongyregion.com.ar\/diario\/wp-content\/uploads\/2016\/11\/cornagli13.jpg","jetpack_shortlink":"https:\/\/wp.me\/p62QDO-2JI","jetpack_sharing_enabled":true,"amp_enabled":true,"_links":{"self":[{"href":"https:\/\/armstrongyregion.com.ar\/diario\/wp-json\/wp\/v2\/posts\/10522","targetHints":{"allow":["GET"]}}],"collection":[{"href":"https:\/\/armstrongyregion.com.ar\/diario\/wp-json\/wp\/v2\/posts"}],"about":[{"href":"https:\/\/armstrongyregion.com.ar\/diario\/wp-json\/wp\/v2\/types\/post"}],"author":[{"embeddable":true,"href":"https:\/\/armstrongyregion.com.ar\/diario\/wp-json\/wp\/v2\/users\/1"}],"replies":[{"embeddable":true,"href":"https:\/\/armstrongyregion.com.ar\/diario\/wp-json\/wp\/v2\/comments?post=10522"}],"version-history":[{"count":0,"href":"https:\/\/armstrongyregion.com.ar\/diario\/wp-json\/wp\/v2\/posts\/10522\/revisions"}],"wp:featuredmedia":[{"embeddable":true,"href":"https:\/\/armstrongyregion.com.ar\/diario\/wp-json\/wp\/v2\/media\/10523"}],"wp:attachment":[{"href":"https:\/\/armstrongyregion.com.ar\/diario\/wp-json\/wp\/v2\/media?parent=10522"}],"wp:term":[{"taxonomy":"category","embeddable":true,"href":"https:\/\/armstrongyregion.com.ar\/diario\/wp-json\/wp\/v2\/categories?post=10522"},{"taxonomy":"post_tag","embeddable":true,"href":"https:\/\/armstrongyregion.com.ar\/diario\/wp-json\/wp\/v2\/tags?post=10522"}],"curies":[{"name":"wp","href":"https:\/\/api.w.org\/{rel}","templated":true}]}}