{"id":10519,"date":"2016-11-14T16:43:19","date_gmt":"2016-11-14T16:43:19","guid":{"rendered":"https:\/\/armstrongyregion.com.ar\/diario\/?p=10519"},"modified":"2016-11-14T16:43:19","modified_gmt":"2016-11-14T16:43:19","slug":"los-poetas-santafesinos-dijeron-presentes-en-la-biblioteca-argentina","status":"publish","type":"post","link":"https:\/\/armstrongyregion.com.ar\/diario\/los-poetas-santafesinos-dijeron-presentes-en-la-biblioteca-argentina\/","title":{"rendered":"Los Poetas santafesinos dijeron presentes en la Biblioteca Argentina."},"content":{"rendered":"<p><a href=\"http:\/\/armstrongyregion.com.ar\/diario\/wp-content\/uploads\/2016\/11\/giaco3.jpg\"><img loading=\"lazy\" decoding=\"async\" src=\"http:\/\/armstrongyregion.com.ar\/diario\/wp-content\/uploads\/2016\/11\/giaco3-300x225.jpg\" alt=\"giaco3\" width=\"300\" height=\"225\" class=\"alignnone size-medium wp-image-10520\" srcset=\"https:\/\/armstrongyregion.com.ar\/diario\/wp-content\/uploads\/2016\/11\/giaco3-300x225.jpg 300w, https:\/\/armstrongyregion.com.ar\/diario\/wp-content\/uploads\/2016\/11\/giaco3.jpg 768w\" sizes=\"auto, (max-width: 300px) 100vw, 300px\" \/><\/a>La magnifica Biblioteca Argentina de Rosario recibi\u00f3 a los distintos poetas del interior santafesino, quienes junto a la poes\u00eda emocionaron y se reencontraron con el maravilloso esp\u00edritu de integraci\u00f3n y comuni\u00f3n entre comunidades de la provincia invencible.<\/p>\n<p>El pasado viernes 11 el cierre del ciclo \u201cHistorias de Poetas Santafesinos\u201d fue un encuentro m\u00e1gico donde una Santa Fe de tierra adentro se vivenci\u00f3 en Rosario, manifest\u00e1ndose mediante la palabra, la creatividad, la sonoridad de los versos, el estar juntos.<\/p>\n<p>Estuvieron presentes el Presidente del Ente Cultural Santafesino, Lic. Leonardo Carrozza; los Secretarios de Cultura de Montes de Oca y Mar\u00eda Juana, Ezequiel Gioannini y  Mart\u00edn Luna, respectivamente;  y los Directores de Usina Marcela Geminale (I sur), Franco Pietrani (III norte) y Ernesto Paul\u00f3n (V); siendo todos recibidos por el Subdirector de la Biblioteca Argentina, Federico Tinivella.<\/p>\n<p>Esta propuesta auspiciada por la Diputada Provincial Claudia Giaccone y con la coordinaci\u00f3n del escritor Yamil Dora, naci\u00f3 con el objetivo de llevar a las Bibliotecas Populares del interior provincial a poetas consagrados nacidos en territorio santafesino para que cuenten su historia y su desarrollo, interactuando con escritores y lectores de cada regi\u00f3n.<\/p>\n<p>Desde el 22 de abril el ciclo recorri\u00f3 16 comunidades a lo largo y ancho de la provincia seleccionando a poetas de las localidades visitadas, quienes llegaron a la Biblioteca Argentina y recitaron sus obras, junto a los poetas de trayectoria nacional e internacional que formaron parte de esta maravillosa propuesta federal.<\/p>\n<p>Los poetas seleccionados fueron: de Correa: Daniel Navarro;  Armstrong: Juan Godoy; Mois\u00e9s Ville: Maria Rosa \u201cKuka\u201d Udrisar; Montes de Oca: Rafa Sacripanti; Firmat: Norma La Fuente; San Crist\u00f3bal: Alba Rosa de la Pe\u00f1a; Alejandra: \u00c1ngel \u201cPachanito\u201d Sosa; Acebal: Mauro Rosquini; Wheelwright: Mar\u00eda Celia Llorente; y Mar\u00eda Juana: Gabriel Gallo.<\/p>\n<p>La Biblioteca Argentina con su historia y reconocimiento dio marco ideal al evento, y fue el \u201clugar so\u00f1ado, ideal\u201d para que cada poeta mostrara sus letras.<\/p>\n<p>El Presidente del Ente Cultural Leonardo Carrozza, remarc\u00f3 que se inicia un recorrido por los distintos cierres de programas que enaltecieron un 2016 excelente. \u00abHistoria de Poetas Santafesinos\u00bb sin lugar a dudas fue una maravillosa propuesta que se implemento a las diversas actividades de nuestro espacio cultural. \u00abHoy celebramos esta iniciativa y redoblamos la apuesta para seguir recorriendo y reencontr\u00e1ndonos con m\u00e1s poetas y bibliotecas en cada rinc\u00f3n de nuestro territorio\u00bb<\/p>\n<p>\u201cPor casi dos horas prim\u00f3 el silencio, la emoci\u00f3n y la m\u00edstica que tiene la poes\u00eda\u201d, manifiest\u00f3 la Diputada Claudia Giaccone. \u201cLos versos partieron de distintas voces, diversas tonadas, diferentes rostros y tem\u00e1ticas, variados paisajes; mostrando entre todos los matices tan ricos que tiene nuestra provincia de Santa Fe.\u201d<\/p>\n<p>Continu\u00f3 diciendo que fue \u201cun digno cierre para un ciclo que empez\u00f3 t\u00edmidamente y fue creciendo con cada paso que se daba, ya que el encanto de las bibliotecas populares del interior santafesino atrapa a todos nuestros poetas, incluso los m\u00e1s encumbrados. Y est\u00e1 jornada con que culmina el ciclo 2016 renov\u00f3 el entusiasmo y la motivaci\u00f3n para repetirlo en 2017\u201d.<\/p>\n<p>Formaron parte del ciclo y recorrieron los distintos rincones santafesinos los escritores Sonia Scarabelli, Marcelo Cutr\u00f3, Santiago Alassia, Leandro Llull, Alejandra Mendez Bujonok, Patricio Torne, Carina Radilov Chirov, Victoria Lovell, Marta Ort\u00edz, Eduardo D\u2019Anna, \u00c1ngel Oliva, Cristina Martin.<\/p>\n","protected":false},"excerpt":{"rendered":"<p>La magnifica Biblioteca Argentina de Rosario recibi\u00f3 a los distintos poetas del interior santafesino, quienes junto a la poes\u00eda emocionaron y se reencontraron con el maravilloso esp\u00edritu de integraci\u00f3n y comuni\u00f3n entre comunidades de la provincia invencible. El pasado viernes 11 el cierre del ciclo \u201cHistorias de Poetas Santafesinos\u201d fue un encuentro m\u00e1gico donde una <a href=\"https:\/\/armstrongyregion.com.ar\/diario\/los-poetas-santafesinos-dijeron-presentes-en-la-biblioteca-argentina\/\" title=\"Read more\" >&#8230;<\/a><\/p>\n","protected":false},"author":1,"featured_media":10520,"comment_status":"open","ping_status":"open","sticky":false,"template":"","format":"standard","meta":{"_jetpack_memberships_contains_paid_content":false,"footnotes":"","jetpack_publicize_message":"","jetpack_publicize_feature_enabled":true,"jetpack_social_post_already_shared":false,"jetpack_social_options":{"image_generator_settings":{"template":"highway","default_image_id":0,"enabled":false},"version":2}},"categories":[6,1,2,3],"tags":[4638],"class_list":["post-10519","post","type-post","status-publish","format-standard","has-post-thumbnail","hentry","category-cultura-entretenimiento","category-diario-armstrong","category-locales","category-region","tag-los-poetas-santafesinos-dijeron-presentes-en-la-biblioteca-argentina"],"jetpack_publicize_connections":[],"jetpack_featured_media_url":"https:\/\/armstrongyregion.com.ar\/diario\/wp-content\/uploads\/2016\/11\/giaco3.jpg","jetpack_shortlink":"https:\/\/wp.me\/p62QDO-2JF","jetpack_sharing_enabled":true,"amp_enabled":true,"_links":{"self":[{"href":"https:\/\/armstrongyregion.com.ar\/diario\/wp-json\/wp\/v2\/posts\/10519","targetHints":{"allow":["GET"]}}],"collection":[{"href":"https:\/\/armstrongyregion.com.ar\/diario\/wp-json\/wp\/v2\/posts"}],"about":[{"href":"https:\/\/armstrongyregion.com.ar\/diario\/wp-json\/wp\/v2\/types\/post"}],"author":[{"embeddable":true,"href":"https:\/\/armstrongyregion.com.ar\/diario\/wp-json\/wp\/v2\/users\/1"}],"replies":[{"embeddable":true,"href":"https:\/\/armstrongyregion.com.ar\/diario\/wp-json\/wp\/v2\/comments?post=10519"}],"version-history":[{"count":0,"href":"https:\/\/armstrongyregion.com.ar\/diario\/wp-json\/wp\/v2\/posts\/10519\/revisions"}],"wp:featuredmedia":[{"embeddable":true,"href":"https:\/\/armstrongyregion.com.ar\/diario\/wp-json\/wp\/v2\/media\/10520"}],"wp:attachment":[{"href":"https:\/\/armstrongyregion.com.ar\/diario\/wp-json\/wp\/v2\/media?parent=10519"}],"wp:term":[{"taxonomy":"category","embeddable":true,"href":"https:\/\/armstrongyregion.com.ar\/diario\/wp-json\/wp\/v2\/categories?post=10519"},{"taxonomy":"post_tag","embeddable":true,"href":"https:\/\/armstrongyregion.com.ar\/diario\/wp-json\/wp\/v2\/tags?post=10519"}],"curies":[{"name":"wp","href":"https:\/\/api.w.org\/{rel}","templated":true}]}}