{"id":10507,"date":"2016-11-13T16:17:43","date_gmt":"2016-11-13T16:17:43","guid":{"rendered":"https:\/\/armstrongyregion.com.ar\/diario\/?p=10507"},"modified":"2016-11-13T16:17:43","modified_gmt":"2016-11-13T16:17:43","slug":"rige-un-alerta-por-tormentas-fuertes-para-el-sur-y-centro-de-la-provincia-de-santa-fe","status":"publish","type":"post","link":"https:\/\/armstrongyregion.com.ar\/diario\/rige-un-alerta-por-tormentas-fuertes-para-el-sur-y-centro-de-la-provincia-de-santa-fe\/","title":{"rendered":"Rige un alerta por tormentas fuertes para el sur y centro de la provincia de Santa Fe."},"content":{"rendered":"<p><a href=\"http:\/\/armstrongyregion.com.ar\/diario\/wp-content\/uploads\/2016\/10\/Alerta-.jpg\"><img loading=\"lazy\" decoding=\"async\" src=\"http:\/\/armstrongyregion.com.ar\/diario\/wp-content\/uploads\/2016\/10\/Alerta--300x198.jpg\" alt=\"alerta\" width=\"300\" height=\"198\" class=\"alignnone size-medium wp-image-10173\" srcset=\"https:\/\/armstrongyregion.com.ar\/diario\/wp-content\/uploads\/2016\/10\/Alerta--300x198.jpg 300w, https:\/\/armstrongyregion.com.ar\/diario\/wp-content\/uploads\/2016\/10\/Alerta-.jpg 960w\" sizes=\"auto, (max-width: 300px) 100vw, 300px\" \/><\/a>El aviso es por el desarrollo de lluvias que pueden provocar ca\u00edda de granizo e intensas r\u00e1fagas, seg\u00fan el Servicio Meteorol\u00f3gico Nacional. Adem\u00e1s, se anuncia inestabilidad hasta el mi\u00e9rcoles inclusive.<br \/>\nE Servicio Meteorol\u00f3gico Nacional emiti\u00f3 un alerta para el sur y centro de la provincia ante la posibilidad de tormentas fuertes.<br \/>\nDurante el transcurso de este domingo, en la ciudad se espera que el cielo est\u00e9 nublado. Adem\u00e1s, hay probabilidad de chaparrones y tormentas, algunas fuertes. Los vientos ser\u00e1n regulares del sector norte con r\u00e1fagas, rotando al sector oeste.<br \/>\nMientras que por la tarde, las condiciones tienden a mejorar con nubosidad variable. Se esperan vientos regulares a leves del sector oeste, luego de direcciones variables.<br \/>\nLa mejor\u00eda ser\u00eda s\u00f3lo moment\u00e1nea, ya que se espera inestabilidad para todo el lunes.<br \/>\nRosario3.com<br \/>\nFotograf\u00eda: Mario Duzevic.<\/p>\n","protected":false},"excerpt":{"rendered":"<p>El aviso es por el desarrollo de lluvias que pueden provocar ca\u00edda de granizo e intensas r\u00e1fagas, seg\u00fan el Servicio Meteorol\u00f3gico Nacional. Adem\u00e1s, se anuncia inestabilidad hasta el mi\u00e9rcoles inclusive. E Servicio Meteorol\u00f3gico Nacional emiti\u00f3 un alerta para el sur y centro de la provincia ante la posibilidad de tormentas fuertes. Durante el transcurso de <a href=\"https:\/\/armstrongyregion.com.ar\/diario\/rige-un-alerta-por-tormentas-fuertes-para-el-sur-y-centro-de-la-provincia-de-santa-fe\/\" title=\"Read more\" >&#8230;<\/a><\/p>\n","protected":false},"author":1,"featured_media":10173,"comment_status":"open","ping_status":"open","sticky":false,"template":"","format":"standard","meta":{"_jetpack_memberships_contains_paid_content":false,"footnotes":"","jetpack_publicize_message":"","jetpack_publicize_feature_enabled":true,"jetpack_social_post_already_shared":false,"jetpack_social_options":{"image_generator_settings":{"template":"highway","default_image_id":0,"enabled":false},"version":2}},"categories":[1,2,3],"tags":[4634],"class_list":["post-10507","post","type-post","status-publish","format-standard","has-post-thumbnail","hentry","category-diario-armstrong","category-locales","category-region","tag-rige-un-alerta-por-tormentas-fuertes-para-el-sur-y-centro-de-la-provincia-de-santa-fe"],"jetpack_publicize_connections":[],"jetpack_featured_media_url":"https:\/\/armstrongyregion.com.ar\/diario\/wp-content\/uploads\/2016\/10\/Alerta-.jpg","jetpack_shortlink":"https:\/\/wp.me\/p62QDO-2Jt","jetpack_sharing_enabled":true,"amp_enabled":true,"_links":{"self":[{"href":"https:\/\/armstrongyregion.com.ar\/diario\/wp-json\/wp\/v2\/posts\/10507","targetHints":{"allow":["GET"]}}],"collection":[{"href":"https:\/\/armstrongyregion.com.ar\/diario\/wp-json\/wp\/v2\/posts"}],"about":[{"href":"https:\/\/armstrongyregion.com.ar\/diario\/wp-json\/wp\/v2\/types\/post"}],"author":[{"embeddable":true,"href":"https:\/\/armstrongyregion.com.ar\/diario\/wp-json\/wp\/v2\/users\/1"}],"replies":[{"embeddable":true,"href":"https:\/\/armstrongyregion.com.ar\/diario\/wp-json\/wp\/v2\/comments?post=10507"}],"version-history":[{"count":0,"href":"https:\/\/armstrongyregion.com.ar\/diario\/wp-json\/wp\/v2\/posts\/10507\/revisions"}],"wp:featuredmedia":[{"embeddable":true,"href":"https:\/\/armstrongyregion.com.ar\/diario\/wp-json\/wp\/v2\/media\/10173"}],"wp:attachment":[{"href":"https:\/\/armstrongyregion.com.ar\/diario\/wp-json\/wp\/v2\/media?parent=10507"}],"wp:term":[{"taxonomy":"category","embeddable":true,"href":"https:\/\/armstrongyregion.com.ar\/diario\/wp-json\/wp\/v2\/categories?post=10507"},{"taxonomy":"post_tag","embeddable":true,"href":"https:\/\/armstrongyregion.com.ar\/diario\/wp-json\/wp\/v2\/tags?post=10507"}],"curies":[{"name":"wp","href":"https:\/\/api.w.org\/{rel}","templated":true}]}}