{"id":105,"date":"2014-12-24T05:25:45","date_gmt":"2014-12-24T05:25:45","guid":{"rendered":"https:\/\/armstrongyregion.com.ar\/diario\/?p=105"},"modified":"2014-12-24T05:25:45","modified_gmt":"2014-12-24T05:25:45","slug":"deliberando-balance-del-2014-ejecutivo-y-concejo-de-armstrong-y-cultura-de-las-parejas","status":"publish","type":"post","link":"https:\/\/armstrongyregion.com.ar\/diario\/deliberando-balance-del-2014-ejecutivo-y-concejo-de-armstrong-y-cultura-de-las-parejas\/","title":{"rendered":"DELIBERANDO, balance del 2014, ejecutivo y concejo de Armstrong y cultura de Las Parejas."},"content":{"rendered":"<p><a href=\"http:\/\/armstrongyregion.com.ar\/diario\/wp-content\/uploads\/2014\/12\/Balance-Verdecchia.jpg\"><img loading=\"lazy\" decoding=\"async\" class=\"alignnone size-medium wp-image-106\" src=\"http:\/\/armstrongyregion.com.ar\/diario\/wp-content\/uploads\/2014\/12\/Balance-Verdecchia-300x200.jpg\" alt=\"Balance Verdecchia\" width=\"300\" height=\"200\" srcset=\"https:\/\/armstrongyregion.com.ar\/diario\/wp-content\/uploads\/2014\/12\/Balance-Verdecchia-300x200.jpg 300w, https:\/\/armstrongyregion.com.ar\/diario\/wp-content\/uploads\/2014\/12\/Balance-Verdecchia.jpg 450w\" sizes=\"auto, (max-width: 300px) 100vw, 300px\" \/><\/a>El Intendente de la ciudad de Armstrong, Dr. Pablo Verdecchia, junto a la Concejala Daniela P\u00e9rez, hicieron un balance del a\u00f1o, tanto desde el Poder Ejecutivo, como desde el Legislativo, y la importancia de que el Concejo d\u00e9 el visto bueno en aquellos temas fundamentales para la gesti\u00f3n municipal. Adem\u00e1s, el Intendente Pablo Verdecchia, nos cont\u00f3 sobre su futuro pol\u00edtico como pre candidato a senador del Departamento Belgrano.<\/p>\n<p>\u00c9rica Molteni, directora de cultura y educaci\u00f3n de la municipalidad de Las Parejas, en el momento del balance de gesti\u00f3n, dej\u00f3 en claro el intenso trabajo realizado en esa \u00e1rea, destacando los talleres realizado, donde grana cantidad de parejenses pudieron desarrollar actividades de suma importancia en la cultura como en la actividad diaria. Poniendo \u00e9nfasis en la importancia de la Casa del Bicentenario, como espacio de realizaci\u00f3n de actos no solo desde la municipalidad sin tambi\u00e9n que todas las instituciones pudieron utilizarla y no hubo jornada donde no hubiera algo.<\/p>\n<p>Todo este martes en DELIBERANDO, con la conducci\u00f3n de la Lic. Graciela De la Casa y Oscar Crispino.<br \/>\nMartes 21hs. Cable Imagen Armstrong.<br \/>\nJueves 12hs Tortugas. Jueves 22hs Cablevisi\u00f3n Ca\u00f1ada de G\u00f3mez. Villa Elo\u00edsa, Bustinza. Las Rosas Cablevisi\u00f3n 21hs.<br \/>\nLunes 21hs Las Parejas, Correa, Carcara\u00f1\u00e1.<br \/>\nLunes 22hs. Las Rosas.<\/p>\n","protected":false},"excerpt":{"rendered":"<p>El Intendente de la ciudad de Armstrong, Dr. Pablo Verdecchia, junto a la Concejala Daniela P\u00e9rez, hicieron un balance del a\u00f1o, tanto desde el Poder Ejecutivo, como desde el Legislativo, y la importancia de que el Concejo d\u00e9 el visto bueno en aquellos temas fundamentales para la gesti\u00f3n municipal. Adem\u00e1s, el Intendente Pablo Verdecchia, nos <a href=\"https:\/\/armstrongyregion.com.ar\/diario\/deliberando-balance-del-2014-ejecutivo-y-concejo-de-armstrong-y-cultura-de-las-parejas\/\" title=\"Read more\" >&#8230;<\/a><\/p>\n","protected":false},"author":2,"featured_media":106,"comment_status":"open","ping_status":"open","sticky":false,"template":"","format":"standard","meta":{"_jetpack_memberships_contains_paid_content":false,"footnotes":"","jetpack_publicize_message":"","jetpack_publicize_feature_enabled":true,"jetpack_social_post_already_shared":false,"jetpack_social_options":{"image_generator_settings":{"template":"highway","default_image_id":0,"enabled":false},"version":2}},"categories":[8,1],"tags":[45,47,19,44,46,23,24,13],"class_list":["post-105","post","type-post","status-publish","format-standard","has-post-thumbnail","hentry","category-deliberando","category-diario-armstrong","tag-balance-del-2014","tag-cultura","tag-de","tag-deliberando-2","tag-ejecutivo-y-concejo-de-armstrong","tag-las","tag-parejas","tag-y"],"jetpack_publicize_connections":[],"jetpack_featured_media_url":"https:\/\/armstrongyregion.com.ar\/diario\/wp-content\/uploads\/2014\/12\/Balance-Verdecchia.jpg","jetpack_shortlink":"https:\/\/wp.me\/p62QDO-1H","jetpack_sharing_enabled":true,"amp_enabled":true,"_links":{"self":[{"href":"https:\/\/armstrongyregion.com.ar\/diario\/wp-json\/wp\/v2\/posts\/105","targetHints":{"allow":["GET"]}}],"collection":[{"href":"https:\/\/armstrongyregion.com.ar\/diario\/wp-json\/wp\/v2\/posts"}],"about":[{"href":"https:\/\/armstrongyregion.com.ar\/diario\/wp-json\/wp\/v2\/types\/post"}],"author":[{"embeddable":true,"href":"https:\/\/armstrongyregion.com.ar\/diario\/wp-json\/wp\/v2\/users\/2"}],"replies":[{"embeddable":true,"href":"https:\/\/armstrongyregion.com.ar\/diario\/wp-json\/wp\/v2\/comments?post=105"}],"version-history":[{"count":0,"href":"https:\/\/armstrongyregion.com.ar\/diario\/wp-json\/wp\/v2\/posts\/105\/revisions"}],"wp:featuredmedia":[{"embeddable":true,"href":"https:\/\/armstrongyregion.com.ar\/diario\/wp-json\/wp\/v2\/media\/106"}],"wp:attachment":[{"href":"https:\/\/armstrongyregion.com.ar\/diario\/wp-json\/wp\/v2\/media?parent=105"}],"wp:term":[{"taxonomy":"category","embeddable":true,"href":"https:\/\/armstrongyregion.com.ar\/diario\/wp-json\/wp\/v2\/categories?post=105"},{"taxonomy":"post_tag","embeddable":true,"href":"https:\/\/armstrongyregion.com.ar\/diario\/wp-json\/wp\/v2\/tags?post=105"}],"curies":[{"name":"wp","href":"https:\/\/api.w.org\/{rel}","templated":true}]}}