{"id":10454,"date":"2016-11-10T22:30:28","date_gmt":"2016-11-10T22:30:28","guid":{"rendered":"https:\/\/armstrongyregion.com.ar\/diario\/?p=10454"},"modified":"2016-11-10T22:30:28","modified_gmt":"2016-11-10T22:30:28","slug":"canada-de-gomez-leiva-el-911-sera-una-respuesta-a-nuestras-constantes-gestiones-por-mas-seguridad","status":"publish","type":"post","link":"https:\/\/armstrongyregion.com.ar\/diario\/canada-de-gomez-leiva-el-911-sera-una-respuesta-a-nuestras-constantes-gestiones-por-mas-seguridad\/","title":{"rendered":"Ca\u00f1ada de G\u00f3mez. Leiva: \u00abEl 911 ser\u00e1 una respuesta a nuestras constantes gestiones por m\u00e1s seguridad\u00bb."},"content":{"rendered":"<p><a href=\"http:\/\/armstrongyregion.com.ar\/diario\/wp-content\/uploads\/2016\/11\/seguridad-.jpg\"><img loading=\"lazy\" decoding=\"async\" src=\"http:\/\/armstrongyregion.com.ar\/diario\/wp-content\/uploads\/2016\/11\/seguridad--300x169.jpg\" alt=\"seguridad\" width=\"300\" height=\"169\" class=\"alignnone size-medium wp-image-10455\" srcset=\"https:\/\/armstrongyregion.com.ar\/diario\/wp-content\/uploads\/2016\/11\/seguridad--300x169.jpg 300w, https:\/\/armstrongyregion.com.ar\/diario\/wp-content\/uploads\/2016\/11\/seguridad--1024x576.jpg 1024w, https:\/\/armstrongyregion.com.ar\/diario\/wp-content\/uploads\/2016\/11\/seguridad-.jpg 1280w\" sizes=\"auto, (max-width: 300px) 100vw, 300px\" \/><\/a>El coordinador de Seguridad Ciudadana remarc\u00f3 el logr\u00f3 de la pr\u00f3xima<br \/>\npuesta en funcionamiento del 911 como resultado de las gestiones que se<br \/>\nrealizaron  desde el municipio, ante las creciente demandas de seguridad<br \/>\npor parte de la poblaci\u00f3n. Esta ma\u00f1ana recibi\u00f3 a funcioanrios del<br \/>\nMinisterio de Seguridad.<\/p>\n<p>En la ma\u00f1ana de este jueves el secretario de Gobierno Juan Caros<br \/>\nTocalli y el coordinador de Seguridad Luis Leiva recibieron en el<br \/>\nedificio donde funcionar\u00e1 el 911, a  funcionarios del Ministerio de<br \/>\nSeguridad Provincial para avanzar en la puesta en funcionamiento del<br \/>\nSistema de Emergencias.<br \/>\nLa intendenta Cl\u00e9rici junto a su equipo de trabajo viene solicitando a<br \/>\nlos responsables de la seguridad respuestas concretas. Estos reclamos<br \/>\nfueron acompa\u00f1ados con reiteradas resoluciones presentadas por el bloque<br \/>\nde concejales presidio por Casalegno, solicitando reuniones con las<br \/>\nautoridades para la puesta en marcha de medidas que den respuesta a la<br \/>\nproblem\u00e1tica. \u201cLuego de la firma del convenio con el Ministro Pullaro,<br \/>\nel municipio cedi\u00f3 el inmueble y ha realizado diferentes trabajos,<br \/>\ncomplementados con gestiones de mayores recursos y equipamientos a la<br \/>\npolic\u00eda\u201d, agreg\u00f3 Leiva.<br \/>\nFinalmente destac\u00f3 que luego del encuentro de hoy con los funcionarios<br \/>\ndel Ministerio de Seguridad, Ariel Minuet y Armando Faraoni, solicitaron<br \/>\nal municipio que realice tareas que incluyen tendido de fibra \u00f3ptica,<br \/>\nconexi\u00f3n telef\u00f3nica y refacciones complementarias para concretar un<br \/>\nnuevo avance hacia la puesta en funcionamiento del Sistema.<\/p>\n","protected":false},"excerpt":{"rendered":"<p>El coordinador de Seguridad Ciudadana remarc\u00f3 el logr\u00f3 de la pr\u00f3xima puesta en funcionamiento del 911 como resultado de las gestiones que se realizaron desde el municipio, ante las creciente demandas de seguridad por parte de la poblaci\u00f3n. Esta ma\u00f1ana recibi\u00f3 a funcioanrios del Ministerio de Seguridad. En la ma\u00f1ana de este jueves el secretario <a href=\"https:\/\/armstrongyregion.com.ar\/diario\/canada-de-gomez-leiva-el-911-sera-una-respuesta-a-nuestras-constantes-gestiones-por-mas-seguridad\/\" title=\"Read more\" >&#8230;<\/a><\/p>\n","protected":false},"author":1,"featured_media":10455,"comment_status":"open","ping_status":"open","sticky":false,"template":"","format":"standard","meta":{"_jetpack_memberships_contains_paid_content":false,"footnotes":"","jetpack_publicize_message":"","jetpack_publicize_feature_enabled":true,"jetpack_social_post_already_shared":false,"jetpack_social_options":{"image_generator_settings":{"template":"highway","default_image_id":0,"enabled":false},"version":2}},"categories":[1,7,3],"tags":[4618],"class_list":["post-10454","post","type-post","status-publish","format-standard","has-post-thumbnail","hentry","category-diario-armstrong","category-politica","category-region","tag-canada-de-gomez-leiva-el-911-sera-una-respuesta-a-nuestras-constantes-gestiones-por-mas-seguridad"],"jetpack_publicize_connections":[],"jetpack_featured_media_url":"https:\/\/armstrongyregion.com.ar\/diario\/wp-content\/uploads\/2016\/11\/seguridad-.jpg","jetpack_shortlink":"https:\/\/wp.me\/p62QDO-2IC","jetpack_sharing_enabled":true,"amp_enabled":true,"_links":{"self":[{"href":"https:\/\/armstrongyregion.com.ar\/diario\/wp-json\/wp\/v2\/posts\/10454","targetHints":{"allow":["GET"]}}],"collection":[{"href":"https:\/\/armstrongyregion.com.ar\/diario\/wp-json\/wp\/v2\/posts"}],"about":[{"href":"https:\/\/armstrongyregion.com.ar\/diario\/wp-json\/wp\/v2\/types\/post"}],"author":[{"embeddable":true,"href":"https:\/\/armstrongyregion.com.ar\/diario\/wp-json\/wp\/v2\/users\/1"}],"replies":[{"embeddable":true,"href":"https:\/\/armstrongyregion.com.ar\/diario\/wp-json\/wp\/v2\/comments?post=10454"}],"version-history":[{"count":0,"href":"https:\/\/armstrongyregion.com.ar\/diario\/wp-json\/wp\/v2\/posts\/10454\/revisions"}],"wp:featuredmedia":[{"embeddable":true,"href":"https:\/\/armstrongyregion.com.ar\/diario\/wp-json\/wp\/v2\/media\/10455"}],"wp:attachment":[{"href":"https:\/\/armstrongyregion.com.ar\/diario\/wp-json\/wp\/v2\/media?parent=10454"}],"wp:term":[{"taxonomy":"category","embeddable":true,"href":"https:\/\/armstrongyregion.com.ar\/diario\/wp-json\/wp\/v2\/categories?post=10454"},{"taxonomy":"post_tag","embeddable":true,"href":"https:\/\/armstrongyregion.com.ar\/diario\/wp-json\/wp\/v2\/tags?post=10454"}],"curies":[{"name":"wp","href":"https:\/\/api.w.org\/{rel}","templated":true}]}}