{"id":10435,"date":"2016-11-10T13:37:38","date_gmt":"2016-11-10T13:37:38","guid":{"rendered":"https:\/\/armstrongyregion.com.ar\/diario\/?p=10435"},"modified":"2016-11-10T15:07:12","modified_gmt":"2016-11-10T15:07:12","slug":"fischer-jamas-voy-a-estar-en-contra-de-obras-para-la-ciudad-pero-no-estoy-de-acuerdo-que-se-haga-cordon-cuneta","status":"publish","type":"post","link":"https:\/\/armstrongyregion.com.ar\/diario\/fischer-jamas-voy-a-estar-en-contra-de-obras-para-la-ciudad-pero-no-estoy-de-acuerdo-que-se-haga-cordon-cuneta\/","title":{"rendered":"Fischer: \u201cJam\u00e1s voy a estar en contra de obras para la ciudad pero no estoy de acuerdo que se haga cord\u00f3n cuneta prefiero pavimento\u00bb"},"content":{"rendered":"<p><a href=\"http:\/\/armstrongyregion.com.ar\/diario\/wp-content\/uploads\/2016\/11\/Augusto-Fischer-Concejal1.jpg\"><img loading=\"lazy\" decoding=\"async\" src=\"http:\/\/armstrongyregion.com.ar\/diario\/wp-content\/uploads\/2016\/11\/Augusto-Fischer-Concejal1-300x210.jpg\" alt=\"augusto-fischer-concejal\" width=\"300\" height=\"210\" class=\"alignnone size-medium wp-image-10436\" srcset=\"https:\/\/armstrongyregion.com.ar\/diario\/wp-content\/uploads\/2016\/11\/Augusto-Fischer-Concejal1-300x210.jpg 300w, https:\/\/armstrongyregion.com.ar\/diario\/wp-content\/uploads\/2016\/11\/Augusto-Fischer-Concejal1.jpg 768w\" sizes=\"auto, (max-width: 300px) 100vw, 300px\" \/><\/a>En la noche del martes el concejo aprob\u00f3 la ordenanza de Fondo de Obras Menores que hab\u00eda enviado el ejecutivo, el concejal Augusto Fischer argument\u00f3, \u201cJam\u00e1s voy a estar en contra de obras para la ciudad, aunque yo no est\u00e9 de acuerdo con que el ejecutivo haga cord\u00f3n cuneta en vez de pavimento, este es dinero que viene de la provincia y no se puede desaprovechar\u201d.<br \/>\nEl concejal agreg\u00f3: \u201cYo quise que se asiente ac\u00e1 en el concejo mi opini\u00f3n porque cuando me toque estar en el ejecutivo no haremos cord\u00f3n cuneta sino pavimento- agreg\u00f3- Cuando y donde se realiza cord\u00f3n cuneta no se puede hacer pavimento ni cloacas, estamos mal, ahora preg\u00fantele a los vecinos que le hicieron esta obra  de calle Villa Mar\u00eda los cuales se inundan\u2026 Los funcionarios del ejecutivo tienen que entender que la \u00fanica forma de salir adelante es pensar en el progreso de la ciudad, cord\u00f3n cuneta no es progreso\u201d.<br \/>\nEl bloque del Frente Justicialista tambi\u00e9n presento una minuta solicitando iluminaci\u00f3n para las calles de la ciudad espec\u00edficamente Tortugas despu\u00e9s de San Nicol\u00e1s hasta Buenos Aires,  ya en verano los chicos ir\u00e1n a practicar deporte a la cancha del Club Barraca y es fundamental por la seguridad de ellos y de los vecinos del lugar.<\/p>\n","protected":false},"excerpt":{"rendered":"<p>En la noche del martes el concejo aprob\u00f3 la ordenanza de Fondo de Obras Menores que hab\u00eda enviado el ejecutivo, el concejal Augusto Fischer argument\u00f3, \u201cJam\u00e1s voy a estar en contra de obras para la ciudad, aunque yo no est\u00e9 de acuerdo con que el ejecutivo haga cord\u00f3n cuneta en vez de pavimento, este es <a href=\"https:\/\/armstrongyregion.com.ar\/diario\/fischer-jamas-voy-a-estar-en-contra-de-obras-para-la-ciudad-pero-no-estoy-de-acuerdo-que-se-haga-cordon-cuneta\/\" title=\"Read more\" >&#8230;<\/a><\/p>\n","protected":false},"author":1,"featured_media":10436,"comment_status":"open","ping_status":"open","sticky":false,"template":"","format":"standard","meta":{"_jetpack_memberships_contains_paid_content":false,"footnotes":"","jetpack_publicize_message":"","jetpack_publicize_feature_enabled":true,"jetpack_social_post_already_shared":false,"jetpack_social_options":{"image_generator_settings":{"template":"highway","default_image_id":0,"enabled":false},"version":2}},"categories":[8,1,2,7],"tags":[33,390,1161,19,15,974,4611,31,220,81,925],"class_list":["post-10435","post","type-post","status-publish","format-standard","has-post-thumbnail","hentry","category-deliberando","category-diario-armstrong","category-locales","category-politica","tag-a","tag-ciudad","tag-contra","tag-de","tag-en","tag-estar","tag-jamas","tag-la","tag-obras","tag-para","tag-voy"],"jetpack_publicize_connections":[],"jetpack_featured_media_url":"https:\/\/armstrongyregion.com.ar\/diario\/wp-content\/uploads\/2016\/11\/Augusto-Fischer-Concejal1.jpg","jetpack_shortlink":"https:\/\/wp.me\/p62QDO-2Ij","jetpack_sharing_enabled":true,"amp_enabled":true,"_links":{"self":[{"href":"https:\/\/armstrongyregion.com.ar\/diario\/wp-json\/wp\/v2\/posts\/10435","targetHints":{"allow":["GET"]}}],"collection":[{"href":"https:\/\/armstrongyregion.com.ar\/diario\/wp-json\/wp\/v2\/posts"}],"about":[{"href":"https:\/\/armstrongyregion.com.ar\/diario\/wp-json\/wp\/v2\/types\/post"}],"author":[{"embeddable":true,"href":"https:\/\/armstrongyregion.com.ar\/diario\/wp-json\/wp\/v2\/users\/1"}],"replies":[{"embeddable":true,"href":"https:\/\/armstrongyregion.com.ar\/diario\/wp-json\/wp\/v2\/comments?post=10435"}],"version-history":[{"count":0,"href":"https:\/\/armstrongyregion.com.ar\/diario\/wp-json\/wp\/v2\/posts\/10435\/revisions"}],"wp:featuredmedia":[{"embeddable":true,"href":"https:\/\/armstrongyregion.com.ar\/diario\/wp-json\/wp\/v2\/media\/10436"}],"wp:attachment":[{"href":"https:\/\/armstrongyregion.com.ar\/diario\/wp-json\/wp\/v2\/media?parent=10435"}],"wp:term":[{"taxonomy":"category","embeddable":true,"href":"https:\/\/armstrongyregion.com.ar\/diario\/wp-json\/wp\/v2\/categories?post=10435"},{"taxonomy":"post_tag","embeddable":true,"href":"https:\/\/armstrongyregion.com.ar\/diario\/wp-json\/wp\/v2\/tags?post=10435"}],"curies":[{"name":"wp","href":"https:\/\/api.w.org\/{rel}","templated":true}]}}