{"id":1040,"date":"2015-02-25T15:43:59","date_gmt":"2015-02-25T15:43:59","guid":{"rendered":"https:\/\/armstrongyregion.com.ar\/diario\/?p=1040"},"modified":"2015-02-25T15:43:59","modified_gmt":"2015-02-25T15:43:59","slug":"las-parejas-el-20-de-marzo-se-licita-la-nueva-escuela-primaria-y-la-nueva-aula-del-jardin","status":"publish","type":"post","link":"https:\/\/armstrongyregion.com.ar\/diario\/las-parejas-el-20-de-marzo-se-licita-la-nueva-escuela-primaria-y-la-nueva-aula-del-jardin\/","title":{"rendered":"Las Parejas. El 20 de marzo se licita la Nueva Escuela Primaria y la Nueva Aula del Jard\u00edn."},"content":{"rendered":"<p><a href=\"http:\/\/armstrongyregion.com.ar\/diario\/wp-content\/uploads\/2015\/02\/escudo-las-parejas1.jpg\"><img loading=\"lazy\" decoding=\"async\" class=\"alignnone size-medium wp-image-1041\" src=\"http:\/\/armstrongyregion.com.ar\/diario\/wp-content\/uploads\/2015\/02\/escudo-las-parejas1-258x300.jpg\" alt=\"escudo las parejas1\" width=\"258\" height=\"300\" srcset=\"https:\/\/armstrongyregion.com.ar\/diario\/wp-content\/uploads\/2015\/02\/escudo-las-parejas1-258x300.jpg 258w, https:\/\/armstrongyregion.com.ar\/diario\/wp-content\/uploads\/2015\/02\/escudo-las-parejas1.jpg 400w\" sizes=\"auto, (max-width: 258px) 100vw, 258px\" \/><\/a>El pr\u00f3ximo 20 de marzo se realizara la licitaci\u00f3n p\u00fablica de dos Obras elementales y muy transcendentes en materia de educaci\u00f3n para nuestra ciudad, como lo son la Nueva Escuela Primaria y la Nueva Aula del Jard\u00edn Nucleado.<br \/>\nA continuaci\u00f3n se detallan las mismas:<\/p>\n<p>LICITACI\u00d3N PUBLICA N\u00b0 02\/15<br \/>\nOBJETO: Construcci\u00f3n Hall, Gobierno (espera, atenci\u00f3n, Secretar\u00eda, Sala de Reuniones, Direcci\u00f3n y Vice, Ba\u00f1o y Office), Centro de Recursos Multimediales, Grupo Sanitario, Taller, 7 Aulas Comunes, SUM y Dep\u00f3sito en la Escuela Primaria s\/N\u00ba a crear en la localidad de Las Parejas \u2013 Dpto. Belgrano \u2013 Provincia de Santa Fe.<br \/>\nPRESUPUESTO OFICIAL: $16.315.755,23 Ministerio de Educaci\u00f3n de la Naci\u00f3n.<br \/>\nFECHA DE APERTURA: 20\/03\/2015 HORA: 10:30.- PLAZO DE OBRA: 540 d\u00edas corridos.-<br \/>\nLICITACI\u00d3N PRIVADA N\u00b0 01\/15<br \/>\nOBJETO: Construcci\u00f3n de Aula y Galer\u00eda en el Jard\u00edn de Infantes N\u00ba 123 de la localidad de Las Parejas \u2013 Departamento Belgrano \u2013 Provincia de Santa Fe.<br \/>\nPRESUPUESTO OFICIAL: $556.191,42.Ministerio de Educaci\u00f3n de la Naci\u00f3n.<br \/>\nFECHA DE APERTURA: 20\/03\/2015 HORA: 11:00.- PLAZO DE OBRA: 180 d\u00edas corridos.<\/p>\n","protected":false},"excerpt":{"rendered":"<p>El pr\u00f3ximo 20 de marzo se realizara la licitaci\u00f3n p\u00fablica de dos Obras elementales y muy transcendentes en materia de educaci\u00f3n para nuestra ciudad, como lo son la Nueva Escuela Primaria y la Nueva Aula del Jard\u00edn Nucleado. A continuaci\u00f3n se detallan las mismas: LICITACI\u00d3N PUBLICA N\u00b0 02\/15 OBJETO: Construcci\u00f3n Hall, Gobierno (espera, atenci\u00f3n, Secretar\u00eda, <a href=\"https:\/\/armstrongyregion.com.ar\/diario\/las-parejas-el-20-de-marzo-se-licita-la-nueva-escuela-primaria-y-la-nueva-aula-del-jardin\/\" title=\"Read more\" >&#8230;<\/a><\/p>\n","protected":false},"author":2,"featured_media":1041,"comment_status":"open","ping_status":"open","sticky":false,"template":"","format":"standard","meta":{"_jetpack_memberships_contains_paid_content":false,"footnotes":"","jetpack_publicize_message":"","jetpack_publicize_feature_enabled":true,"jetpack_social_post_already_shared":false,"jetpack_social_options":{"image_generator_settings":{"template":"highway","default_image_id":0,"enabled":false},"version":2}},"categories":[1,3],"tags":[196,950,19,53,16,744,951,31,23,743,949,275,24,745,86,13],"class_list":["post-1040","post","type-post","status-publish","format-standard","has-post-thumbnail","hentry","category-diario-armstrong","category-region","tag-196","tag-aula","tag-de","tag-del","tag-el","tag-escuela","tag-jardin","tag-la","tag-las","tag-licita","tag-marzo","tag-nueva","tag-parejas","tag-primaria","tag-se","tag-y"],"jetpack_publicize_connections":[],"jetpack_featured_media_url":"https:\/\/armstrongyregion.com.ar\/diario\/wp-content\/uploads\/2015\/02\/escudo-las-parejas1.jpg","jetpack_shortlink":"https:\/\/wp.me\/p62QDO-gM","jetpack_sharing_enabled":true,"amp_enabled":true,"_links":{"self":[{"href":"https:\/\/armstrongyregion.com.ar\/diario\/wp-json\/wp\/v2\/posts\/1040","targetHints":{"allow":["GET"]}}],"collection":[{"href":"https:\/\/armstrongyregion.com.ar\/diario\/wp-json\/wp\/v2\/posts"}],"about":[{"href":"https:\/\/armstrongyregion.com.ar\/diario\/wp-json\/wp\/v2\/types\/post"}],"author":[{"embeddable":true,"href":"https:\/\/armstrongyregion.com.ar\/diario\/wp-json\/wp\/v2\/users\/2"}],"replies":[{"embeddable":true,"href":"https:\/\/armstrongyregion.com.ar\/diario\/wp-json\/wp\/v2\/comments?post=1040"}],"version-history":[{"count":0,"href":"https:\/\/armstrongyregion.com.ar\/diario\/wp-json\/wp\/v2\/posts\/1040\/revisions"}],"wp:featuredmedia":[{"embeddable":true,"href":"https:\/\/armstrongyregion.com.ar\/diario\/wp-json\/wp\/v2\/media\/1041"}],"wp:attachment":[{"href":"https:\/\/armstrongyregion.com.ar\/diario\/wp-json\/wp\/v2\/media?parent=1040"}],"wp:term":[{"taxonomy":"category","embeddable":true,"href":"https:\/\/armstrongyregion.com.ar\/diario\/wp-json\/wp\/v2\/categories?post=1040"},{"taxonomy":"post_tag","embeddable":true,"href":"https:\/\/armstrongyregion.com.ar\/diario\/wp-json\/wp\/v2\/tags?post=1040"}],"curies":[{"name":"wp","href":"https:\/\/api.w.org\/{rel}","templated":true}]}}