{"id":10391,"date":"2016-11-07T21:34:07","date_gmt":"2016-11-07T21:34:07","guid":{"rendered":"https:\/\/armstrongyregion.com.ar\/diario\/?p=10391"},"modified":"2016-11-07T21:34:07","modified_gmt":"2016-11-07T21:34:07","slug":"paro-municipal-los-dias-9-y-10-de-noviembre","status":"publish","type":"post","link":"https:\/\/armstrongyregion.com.ar\/diario\/paro-municipal-los-dias-9-y-10-de-noviembre\/","title":{"rendered":"Paro municipal los d\u00edas 9 y 10 de noviembre."},"content":{"rendered":"<p><a href=\"http:\/\/armstrongyregion.com.ar\/diario\/wp-content\/uploads\/2016\/11\/000_DSC_0099_copia.jpg\"><img loading=\"lazy\" decoding=\"async\" src=\"http:\/\/armstrongyregion.com.ar\/diario\/wp-content\/uploads\/2016\/11\/000_DSC_0099_copia-300x199.jpg\" alt=\"Paro-Municipal-\" width=\"300\" height=\"199\" class=\"alignnone size-medium wp-image-10392\" srcset=\"https:\/\/armstrongyregion.com.ar\/diario\/wp-content\/uploads\/2016\/11\/000_DSC_0099_copia-300x199.jpg 300w, https:\/\/armstrongyregion.com.ar\/diario\/wp-content\/uploads\/2016\/11\/000_DSC_0099_copia.jpg 768w\" sizes=\"auto, (max-width: 300px) 100vw, 300px\" \/><\/a>9 de noviembre movilizaci\u00f3n a la Casa de Gobierno.<\/p>\n<p>El plenario de Secretarios Generales, encabezado por el titular de la Festram, Sec. Gral. Claudio Leoni, reunido en Agua de Oro, provincia de C\u00f3rdoba y en el marco del 18vo. Seminario para el An\u00e1lisis de la Nueva Estrategia Sindical, ha resuelto un paro provincial por 48 hs a realizarse los d\u00edas 9 y 10 de noviembre, con movilizaci\u00f3n el d\u00eda 9 a la Casa Gris.<br \/>\nLos sindicatos quedan liberados para analizar con sus cuerpos de delegados, la modalidad de la medida de fuerza.<\/p>\n","protected":false},"excerpt":{"rendered":"<p>9 de noviembre movilizaci\u00f3n a la Casa de Gobierno. El plenario de Secretarios Generales, encabezado por el titular de la Festram, Sec. Gral. Claudio Leoni, reunido en Agua de Oro, provincia de C\u00f3rdoba y en el marco del 18vo. Seminario para el An\u00e1lisis de la Nueva Estrategia Sindical, ha resuelto un paro provincial por 48 <a href=\"https:\/\/armstrongyregion.com.ar\/diario\/paro-municipal-los-dias-9-y-10-de-noviembre\/\" title=\"Read more\" >&#8230;<\/a><\/p>\n","protected":false},"author":1,"featured_media":10392,"comment_status":"open","ping_status":"open","sticky":false,"template":"","format":"standard","meta":{"_jetpack_memberships_contains_paid_content":false,"footnotes":"","jetpack_publicize_message":"","jetpack_publicize_feature_enabled":true,"jetpack_social_post_already_shared":false,"jetpack_social_options":{"image_generator_settings":{"template":"highway","default_image_id":0,"enabled":false},"version":2}},"categories":[1,2,3],"tags":[1382,485,19,706,42,524,2866,1026,13],"class_list":["post-10391","post","type-post","status-publish","format-standard","has-post-thumbnail","hentry","category-diario-armstrong","category-locales","category-region","tag-1382","tag-485","tag-de","tag-dias","tag-los","tag-municipal","tag-noviembre","tag-paro","tag-y"],"jetpack_publicize_connections":[],"jetpack_featured_media_url":"https:\/\/armstrongyregion.com.ar\/diario\/wp-content\/uploads\/2016\/11\/000_DSC_0099_copia.jpg","jetpack_shortlink":"https:\/\/wp.me\/p62QDO-2HB","jetpack_sharing_enabled":true,"amp_enabled":true,"_links":{"self":[{"href":"https:\/\/armstrongyregion.com.ar\/diario\/wp-json\/wp\/v2\/posts\/10391","targetHints":{"allow":["GET"]}}],"collection":[{"href":"https:\/\/armstrongyregion.com.ar\/diario\/wp-json\/wp\/v2\/posts"}],"about":[{"href":"https:\/\/armstrongyregion.com.ar\/diario\/wp-json\/wp\/v2\/types\/post"}],"author":[{"embeddable":true,"href":"https:\/\/armstrongyregion.com.ar\/diario\/wp-json\/wp\/v2\/users\/1"}],"replies":[{"embeddable":true,"href":"https:\/\/armstrongyregion.com.ar\/diario\/wp-json\/wp\/v2\/comments?post=10391"}],"version-history":[{"count":0,"href":"https:\/\/armstrongyregion.com.ar\/diario\/wp-json\/wp\/v2\/posts\/10391\/revisions"}],"wp:featuredmedia":[{"embeddable":true,"href":"https:\/\/armstrongyregion.com.ar\/diario\/wp-json\/wp\/v2\/media\/10392"}],"wp:attachment":[{"href":"https:\/\/armstrongyregion.com.ar\/diario\/wp-json\/wp\/v2\/media?parent=10391"}],"wp:term":[{"taxonomy":"category","embeddable":true,"href":"https:\/\/armstrongyregion.com.ar\/diario\/wp-json\/wp\/v2\/categories?post=10391"},{"taxonomy":"post_tag","embeddable":true,"href":"https:\/\/armstrongyregion.com.ar\/diario\/wp-json\/wp\/v2\/tags?post=10391"}],"curies":[{"name":"wp","href":"https:\/\/api.w.org\/{rel}","templated":true}]}}