{"id":10385,"date":"2016-11-07T21:20:52","date_gmt":"2016-11-07T21:20:52","guid":{"rendered":"https:\/\/armstrongyregion.com.ar\/diario\/?p=10385"},"modified":"2016-11-07T21:20:52","modified_gmt":"2016-11-07T21:20:52","slug":"la-caja-de-jubilaciones-de-la-provincia-atendera-este-miercoles-en-canada-de-gomez","status":"publish","type":"post","link":"https:\/\/armstrongyregion.com.ar\/diario\/la-caja-de-jubilaciones-de-la-provincia-atendera-este-miercoles-en-canada-de-gomez\/","title":{"rendered":"La Caja de Jubilaciones de la provincia atender\u00e1 este mi\u00e9rcoles en Ca\u00f1ada de G\u00f3mez."},"content":{"rendered":"<p><a href=\"http:\/\/armstrongyregion.com.ar\/diario\/wp-content\/uploads\/2016\/11\/santa-Fe.jpg\"><img loading=\"lazy\" decoding=\"async\" src=\"http:\/\/armstrongyregion.com.ar\/diario\/wp-content\/uploads\/2016\/11\/santa-Fe-300x209.jpg\" alt=\"\" width=\"300\" height=\"209\" class=\"alignnone size-medium wp-image-10386\" srcset=\"https:\/\/armstrongyregion.com.ar\/diario\/wp-content\/uploads\/2016\/11\/santa-Fe-300x209.jpg 300w, https:\/\/armstrongyregion.com.ar\/diario\/wp-content\/uploads\/2016\/11\/santa-Fe.jpg 768w\" sizes=\"auto, (max-width: 300px) 100vw, 300px\" \/><\/a>Ser\u00e1 de 8:30 a 12 horas, en la delegaci\u00f3n del Ministerio de Trabajo y Seguridad Social, con el objetivo de informar y asesorar a agentes activos y pasivos sobre la realizaci\u00f3n de diversos tr\u00e1mites.\t<\/p>\n<p>La Caja de Jubilaciones y Pensiones de Santa Fe atender\u00e1 este mi\u00e9rcoles, de 8:30 a 12 horas, en la delegaci\u00f3n del Ministerio de Trabajo y Seguridad Social de Ca\u00f1ada de G\u00f3mez (departamento Iriondo), ubicada en Mitre 289.<\/p>\n<p>En la oportunidad, funcionarios del organismo previsional informar\u00e1n y asesorar\u00e1n a agentes p\u00fablicos provinciales \u2013tanto activos como pasivos\u2013 sobre la realizaci\u00f3n de diversos tr\u00e1mites; adem\u00e1s de recepcionar tr\u00e1mites jubilatorios, reclamos o reajustes y reconocimiento de servicios, entre otros.<\/p>\n<p>La actividad se desarrollar\u00e1 en el marco de un nuevo servicio de presencia peri\u00f3dica de la Caja de Jubilaciones y Pensiones, en distintas localidades de la provincia adonde el organismo no cuenta con oficinas de atenci\u00f3n al p\u00fablico. De este modo, se facilita a los beneficiarios el acceso a todos los tr\u00e1mites que all\u00ed se realizan.<\/p>\n","protected":false},"excerpt":{"rendered":"<p>Ser\u00e1 de 8:30 a 12 horas, en la delegaci\u00f3n del Ministerio de Trabajo y Seguridad Social, con el objetivo de informar y asesorar a agentes activos y pasivos sobre la realizaci\u00f3n de diversos tr\u00e1mites. La Caja de Jubilaciones y Pensiones de Santa Fe atender\u00e1 este mi\u00e9rcoles, de 8:30 a 12 horas, en la delegaci\u00f3n del <a href=\"https:\/\/armstrongyregion.com.ar\/diario\/la-caja-de-jubilaciones-de-la-provincia-atendera-este-miercoles-en-canada-de-gomez\/\" title=\"Read more\" >&#8230;<\/a><\/p>\n","protected":false},"author":1,"featured_media":10386,"comment_status":"open","ping_status":"open","sticky":false,"template":"","format":"standard","meta":{"_jetpack_memberships_contains_paid_content":false,"footnotes":"","jetpack_publicize_message":"","jetpack_publicize_feature_enabled":true,"jetpack_social_post_already_shared":false,"jetpack_social_options":{"image_generator_settings":{"template":"highway","default_image_id":0,"enabled":false},"version":2}},"categories":[1,2,3],"tags":[691,163,19,15,162,164,4599,31,777,565,4600],"class_list":["post-10385","post","type-post","status-publish","format-standard","has-post-thumbnail","hentry","category-diario-armstrong","category-locales","category-region","tag-caja","tag-canada","tag-de","tag-en","tag-este","tag-gomez","tag-jubilaciones","tag-la","tag-miercoles","tag-provincia","tag-tendera"],"jetpack_publicize_connections":[],"jetpack_featured_media_url":"https:\/\/armstrongyregion.com.ar\/diario\/wp-content\/uploads\/2016\/11\/santa-Fe.jpg","jetpack_shortlink":"https:\/\/wp.me\/p62QDO-2Hv","jetpack_sharing_enabled":true,"amp_enabled":true,"_links":{"self":[{"href":"https:\/\/armstrongyregion.com.ar\/diario\/wp-json\/wp\/v2\/posts\/10385","targetHints":{"allow":["GET"]}}],"collection":[{"href":"https:\/\/armstrongyregion.com.ar\/diario\/wp-json\/wp\/v2\/posts"}],"about":[{"href":"https:\/\/armstrongyregion.com.ar\/diario\/wp-json\/wp\/v2\/types\/post"}],"author":[{"embeddable":true,"href":"https:\/\/armstrongyregion.com.ar\/diario\/wp-json\/wp\/v2\/users\/1"}],"replies":[{"embeddable":true,"href":"https:\/\/armstrongyregion.com.ar\/diario\/wp-json\/wp\/v2\/comments?post=10385"}],"version-history":[{"count":0,"href":"https:\/\/armstrongyregion.com.ar\/diario\/wp-json\/wp\/v2\/posts\/10385\/revisions"}],"wp:featuredmedia":[{"embeddable":true,"href":"https:\/\/armstrongyregion.com.ar\/diario\/wp-json\/wp\/v2\/media\/10386"}],"wp:attachment":[{"href":"https:\/\/armstrongyregion.com.ar\/diario\/wp-json\/wp\/v2\/media?parent=10385"}],"wp:term":[{"taxonomy":"category","embeddable":true,"href":"https:\/\/armstrongyregion.com.ar\/diario\/wp-json\/wp\/v2\/categories?post=10385"},{"taxonomy":"post_tag","embeddable":true,"href":"https:\/\/armstrongyregion.com.ar\/diario\/wp-json\/wp\/v2\/tags?post=10385"}],"curies":[{"name":"wp","href":"https:\/\/api.w.org\/{rel}","templated":true}]}}