{"id":10347,"date":"2016-11-04T22:10:53","date_gmt":"2016-11-04T22:10:53","guid":{"rendered":"https:\/\/armstrongyregion.com.ar\/diario\/?p=10347"},"modified":"2016-11-04T22:10:53","modified_gmt":"2016-11-04T22:10:53","slug":"rasetto-participo-de-una-reunion-sobre-la-problematica-del-carcarana","status":"publish","type":"post","link":"https:\/\/armstrongyregion.com.ar\/diario\/rasetto-participo-de-una-reunion-sobre-la-problematica-del-carcarana\/","title":{"rendered":"Rasetto particip\u00f3 de una reuni\u00f3n sobre la problem\u00e1tica del Carcara\u00f1\u00e1."},"content":{"rendered":"<p><a href=\"http:\/\/armstrongyregion.com.ar\/diario\/wp-content\/uploads\/2016\/11\/Rasetto-.jpg\"><img loading=\"lazy\" decoding=\"async\" src=\"http:\/\/armstrongyregion.com.ar\/diario\/wp-content\/uploads\/2016\/11\/Rasetto--300x169.jpg\" alt=\"rasetto\" width=\"300\" height=\"169\" class=\"alignnone size-medium wp-image-10348\" srcset=\"https:\/\/armstrongyregion.com.ar\/diario\/wp-content\/uploads\/2016\/11\/Rasetto--300x169.jpg 300w, https:\/\/armstrongyregion.com.ar\/diario\/wp-content\/uploads\/2016\/11\/Rasetto-.jpg 768w\" sizes=\"auto, (max-width: 300px) 100vw, 300px\" \/><\/a>Este jueves el Senador Hugo Rasetto particip\u00f3 de una reuni\u00f3n en la Comisi\u00f3n de asuntos h\u00eddricos y obras p\u00fablicas del Senado. El encuentro abord\u00f3 la problem\u00e1tica h\u00eddrica \u00ednterjurisdiccional del r\u00edo Carcara\u00f1a.<br \/>\nEl Senador planteo la necesidad de la sanci\u00f3n de la Ley que da sustento al convenio entre el Ministerio del Interior, Obras P\u00fablicas y Vivienda de la Naci\u00f3n, la provincia de C\u00f3rdoba y la provincia de Santa Fe. La creaci\u00f3n de la \u00abComisi\u00f3n interjurisdiccional de la cuenca del r\u00edo Carcara\u00f1a\u00bb, tiene como objetivo contar finalmente con una norma que regule la cuenca del r\u00edo. Para el departamento Iriondo es de vital importancia ya que toda la cuenca, que involucra a la provincia de C\u00f3rdoba como Santa Fe, desagua y recorre el  departamento Iriondo antes de llegar al Paran\u00e1.<br \/>\nEsta comisi\u00f3n funcionar\u00e1 como una instancia de cooperaci\u00f3n y colaboraci\u00f3n para la gesti\u00f3n conjunta de los recursos h\u00eddricos de la regi\u00f3n, y tendr\u00e1 por objeto la promoci\u00f3n del manejo  de dichos recursos mediante planes, programas, proyectos y obras orientados a la resoluci\u00f3n de la problem\u00e1tica de las inundaciones, anegamientos y sequ\u00edas que afectan a la Cuenca del R\u00edo Carcara\u00f1a.<\/p>\n","protected":false},"excerpt":{"rendered":"<p>Este jueves el Senador Hugo Rasetto particip\u00f3 de una reuni\u00f3n en la Comisi\u00f3n de asuntos h\u00eddricos y obras p\u00fablicas del Senado. El encuentro abord\u00f3 la problem\u00e1tica h\u00eddrica \u00ednterjurisdiccional del r\u00edo Carcara\u00f1a. El Senador planteo la necesidad de la sanci\u00f3n de la Ley que da sustento al convenio entre el Ministerio del Interior, Obras P\u00fablicas y <a href=\"https:\/\/armstrongyregion.com.ar\/diario\/rasetto-participo-de-una-reunion-sobre-la-problematica-del-carcarana\/\" title=\"Read more\" >&#8230;<\/a><\/p>\n","protected":false},"author":1,"featured_media":10348,"comment_status":"open","ping_status":"open","sticky":false,"template":"","format":"standard","meta":{"_jetpack_memberships_contains_paid_content":false,"footnotes":"","jetpack_publicize_message":"","jetpack_publicize_feature_enabled":true,"jetpack_social_post_already_shared":false,"jetpack_social_options":{"image_generator_settings":{"template":"highway","default_image_id":0,"enabled":false},"version":2}},"categories":[1,7,3],"tags":[4586],"class_list":["post-10347","post","type-post","status-publish","format-standard","has-post-thumbnail","hentry","category-diario-armstrong","category-politica","category-region","tag-rasetto-participo-de-una-reunion-sobre-la-problematica-del-carcarana"],"jetpack_publicize_connections":[],"jetpack_featured_media_url":"https:\/\/armstrongyregion.com.ar\/diario\/wp-content\/uploads\/2016\/11\/Rasetto-.jpg","jetpack_shortlink":"https:\/\/wp.me\/p62QDO-2GT","jetpack_sharing_enabled":true,"amp_enabled":true,"_links":{"self":[{"href":"https:\/\/armstrongyregion.com.ar\/diario\/wp-json\/wp\/v2\/posts\/10347","targetHints":{"allow":["GET"]}}],"collection":[{"href":"https:\/\/armstrongyregion.com.ar\/diario\/wp-json\/wp\/v2\/posts"}],"about":[{"href":"https:\/\/armstrongyregion.com.ar\/diario\/wp-json\/wp\/v2\/types\/post"}],"author":[{"embeddable":true,"href":"https:\/\/armstrongyregion.com.ar\/diario\/wp-json\/wp\/v2\/users\/1"}],"replies":[{"embeddable":true,"href":"https:\/\/armstrongyregion.com.ar\/diario\/wp-json\/wp\/v2\/comments?post=10347"}],"version-history":[{"count":0,"href":"https:\/\/armstrongyregion.com.ar\/diario\/wp-json\/wp\/v2\/posts\/10347\/revisions"}],"wp:featuredmedia":[{"embeddable":true,"href":"https:\/\/armstrongyregion.com.ar\/diario\/wp-json\/wp\/v2\/media\/10348"}],"wp:attachment":[{"href":"https:\/\/armstrongyregion.com.ar\/diario\/wp-json\/wp\/v2\/media?parent=10347"}],"wp:term":[{"taxonomy":"category","embeddable":true,"href":"https:\/\/armstrongyregion.com.ar\/diario\/wp-json\/wp\/v2\/categories?post=10347"},{"taxonomy":"post_tag","embeddable":true,"href":"https:\/\/armstrongyregion.com.ar\/diario\/wp-json\/wp\/v2\/tags?post=10347"}],"curies":[{"name":"wp","href":"https:\/\/api.w.org\/{rel}","templated":true}]}}