{"id":10329,"date":"2016-11-03T13:33:52","date_gmt":"2016-11-03T13:33:52","guid":{"rendered":"https:\/\/armstrongyregion.com.ar\/diario\/?p=10329"},"modified":"2016-11-03T13:36:44","modified_gmt":"2016-11-03T13:36:44","slug":"armstrong-segundo-taller-del-proyecto-de-energias-renovables","status":"publish","type":"post","link":"https:\/\/armstrongyregion.com.ar\/diario\/armstrong-segundo-taller-del-proyecto-de-energias-renovables\/","title":{"rendered":"Armstrong. Segundo taller del Proyecto de  Energ\u00edas Renovables."},"content":{"rendered":"<p><a href=\"http:\/\/armstrongyregion.com.ar\/diario\/wp-content\/uploads\/2016\/11\/energias-renovables.jpg\"><img loading=\"lazy\" decoding=\"async\" src=\"http:\/\/armstrongyregion.com.ar\/diario\/wp-content\/uploads\/2016\/11\/energias-renovables-300x169.jpg\" alt=\"energias-renovables\" width=\"300\" height=\"169\" class=\"alignnone size-medium wp-image-10330\" srcset=\"https:\/\/armstrongyregion.com.ar\/diario\/wp-content\/uploads\/2016\/11\/energias-renovables-300x169.jpg 300w, https:\/\/armstrongyregion.com.ar\/diario\/wp-content\/uploads\/2016\/11\/energias-renovables.jpg 768w\" sizes=\"auto, (max-width: 300px) 100vw, 300px\" \/><\/a>El pasado martes 1\u00b0 de noviembre, la Cooperativa de Prov. de Obras y Servicios P\u00fablicos  de Armstrong llev\u00f3 a cabo  el taller Usina de Ideas \u2013 DIALOGOS ENTRE PIONEROS que se realiz\u00f3 en el Sal\u00f3n Auditorio Municipal Delmo Dar\u00f3.<br \/>\nHablamos con el Ing. Roberto Monteverde: \u201cEstamos realizando una segunda actividad del proyecto  piloto de redes inteligentes para energ\u00edas renovables que estamos llevando adelante con la Cooperativa y la Universidad Tecnol\u00f3gica, para hacer una prueba de generaci\u00f3n de energ\u00eda el\u00e9ctrica con paneles fotovoltaicos con energ\u00eda solar\u201d.<br \/>\nDespu\u00e9s de una actividad muy importante que se realiz\u00f3 tiempo atr\u00e1s dando un contexto social al proyecto y de esa actividad surgieron dos l\u00edneas de trabajo una primera vinculada a precisar cu\u00e1les van a ser los techos  para instalar los paneles solares y una segunda l\u00ednea de trabajo con el municipio para poder ver qu\u00e9 proyectos pueden ser complementarios a este que viene desarroll\u00e1ndose como central\u201d.<br \/>\nFotograf\u00edas: Walter Musso- Actualidad Informativa.<\/p>\n","protected":false},"excerpt":{"rendered":"<p>El pasado martes 1\u00b0 de noviembre, la Cooperativa de Prov. de Obras y Servicios P\u00fablicos de Armstrong llev\u00f3 a cabo el taller Usina de Ideas \u2013 DIALOGOS ENTRE PIONEROS que se realiz\u00f3 en el Sal\u00f3n Auditorio Municipal Delmo Dar\u00f3. Hablamos con el Ing. Roberto Monteverde: \u201cEstamos realizando una segunda actividad del proyecto piloto de redes <a href=\"https:\/\/armstrongyregion.com.ar\/diario\/armstrong-segundo-taller-del-proyecto-de-energias-renovables\/\" title=\"Read more\" >&#8230;<\/a><\/p>\n","protected":false},"author":1,"featured_media":10330,"comment_status":"open","ping_status":"open","sticky":false,"template":"","format":"standard","meta":{"_jetpack_memberships_contains_paid_content":false,"footnotes":"","jetpack_publicize_message":"","jetpack_publicize_feature_enabled":true,"jetpack_social_post_already_shared":false,"jetpack_social_options":{"image_generator_settings":{"template":"highway","default_image_id":0,"enabled":false},"version":2}},"categories":[1,2,3],"tags":[4577],"class_list":["post-10329","post","type-post","status-publish","format-standard","has-post-thumbnail","hentry","category-diario-armstrong","category-locales","category-region","tag-armstrong-segundo-taller-del-proyecto-de-energias-renovables"],"jetpack_publicize_connections":[],"jetpack_featured_media_url":"https:\/\/armstrongyregion.com.ar\/diario\/wp-content\/uploads\/2016\/11\/energias-renovables.jpg","jetpack_shortlink":"https:\/\/wp.me\/p62QDO-2GB","jetpack_sharing_enabled":true,"amp_enabled":true,"_links":{"self":[{"href":"https:\/\/armstrongyregion.com.ar\/diario\/wp-json\/wp\/v2\/posts\/10329","targetHints":{"allow":["GET"]}}],"collection":[{"href":"https:\/\/armstrongyregion.com.ar\/diario\/wp-json\/wp\/v2\/posts"}],"about":[{"href":"https:\/\/armstrongyregion.com.ar\/diario\/wp-json\/wp\/v2\/types\/post"}],"author":[{"embeddable":true,"href":"https:\/\/armstrongyregion.com.ar\/diario\/wp-json\/wp\/v2\/users\/1"}],"replies":[{"embeddable":true,"href":"https:\/\/armstrongyregion.com.ar\/diario\/wp-json\/wp\/v2\/comments?post=10329"}],"version-history":[{"count":0,"href":"https:\/\/armstrongyregion.com.ar\/diario\/wp-json\/wp\/v2\/posts\/10329\/revisions"}],"wp:featuredmedia":[{"embeddable":true,"href":"https:\/\/armstrongyregion.com.ar\/diario\/wp-json\/wp\/v2\/media\/10330"}],"wp:attachment":[{"href":"https:\/\/armstrongyregion.com.ar\/diario\/wp-json\/wp\/v2\/media?parent=10329"}],"wp:term":[{"taxonomy":"category","embeddable":true,"href":"https:\/\/armstrongyregion.com.ar\/diario\/wp-json\/wp\/v2\/categories?post=10329"},{"taxonomy":"post_tag","embeddable":true,"href":"https:\/\/armstrongyregion.com.ar\/diario\/wp-json\/wp\/v2\/tags?post=10329"}],"curies":[{"name":"wp","href":"https:\/\/api.w.org\/{rel}","templated":true}]}}