{"id":1030,"date":"2015-02-24T21:14:27","date_gmt":"2015-02-24T21:14:27","guid":{"rendered":"https:\/\/armstrongyregion.com.ar\/diario\/?p=1030"},"modified":"2015-02-24T21:14:27","modified_gmt":"2015-02-24T21:14:27","slug":"canada-de-gomez-bienvenida-oficial-a-la-abuela-peregrina","status":"publish","type":"post","link":"https:\/\/armstrongyregion.com.ar\/diario\/canada-de-gomez-bienvenida-oficial-a-la-abuela-peregrina\/","title":{"rendered":"Ca\u00f1ada de G\u00f3mez. Bienvenida oficial a la abuela peregrina."},"content":{"rendered":"<p><a href=\"http:\/\/armstrongyregion.com.ar\/diario\/wp-content\/uploads\/2015\/02\/carinaemma.jpg\"><img loading=\"lazy\" decoding=\"async\" class=\"alignnone size-medium wp-image-1031\" src=\"http:\/\/armstrongyregion.com.ar\/diario\/wp-content\/uploads\/2015\/02\/carinaemma-300x200.jpg\" alt=\"carinaemma\" width=\"300\" height=\"200\" srcset=\"https:\/\/armstrongyregion.com.ar\/diario\/wp-content\/uploads\/2015\/02\/carinaemma-300x200.jpg 300w, https:\/\/armstrongyregion.com.ar\/diario\/wp-content\/uploads\/2015\/02\/carinaemma.jpg 600w\" sizes=\"auto, (max-width: 300px) 100vw, 300px\" \/><\/a>La secretaria de Gobierno Carina Mozzoni, en representaci\u00f3n de la intendenta Stella Cl\u00e9rici, brind\u00f3 una calurosa bienvenida a Emma, quien<br \/>\npermanecer\u00e1 en nuestra ciudad hasta ma\u00f1ana cuando retome su recorrido hacia la Bas\u00edlica de Lujan.<\/p>\n<p>La secretaria de Gobierno Carina Mozzoni, en representaci\u00f3n de la intendenta Stella Cl\u00e9rici, dio la bienvenida oficial a Emma Morisini, la<br \/>\nabuela peregrina que en el mediod\u00eda de hoy lleg\u00f3 a nuestra ciudad como parte de su objetivo de unir caminando San Miguel de Tucum\u00e1n con la<br \/>\nBas\u00edlica de Lujan.<br \/>\nMozzoni le brind\u00f3 una calurosa bienvenida acompa\u00f1ada por un centenar de ca\u00f1adenses muy emocionados, entreg\u00f3 obsequios institucionales<br \/>\nreconociendo su presencia en nuestra ciudad y expres\u00f3 \u201cEmma significa la perseverancia, el esfuerzo y realmente nuestro equipo de trabajo se<br \/>\nsiente identificado con su meta y la misi\u00f3n que lleva en su trayecto, por eso no dudamos en acompa\u00f1arla\u201d.<br \/>\nEmma se hospedar\u00e1 hasta ma\u00f1ana, que deje nuestra ciudad, en la casa de Beatriz Paz, colaboradora de la gesti\u00f3n municipal. \u201cEs un orgullo para<br \/>\nCa\u00f1ada formar parte del itinerario de esta abuela que nunca olvidaremos y ojal\u00e1 los ca\u00f1adenses imitemos su mensaje\u201d, concluy\u00f3 la secretaria de<br \/>\nGobierno.<\/p>\n","protected":false},"excerpt":{"rendered":"<p>La secretaria de Gobierno Carina Mozzoni, en representaci\u00f3n de la intendenta Stella Cl\u00e9rici, brind\u00f3 una calurosa bienvenida a Emma, quien permanecer\u00e1 en nuestra ciudad hasta ma\u00f1ana cuando retome su recorrido hacia la Bas\u00edlica de Lujan. La secretaria de Gobierno Carina Mozzoni, en representaci\u00f3n de la intendenta Stella Cl\u00e9rici, dio la bienvenida oficial a Emma Morisini, <a href=\"https:\/\/armstrongyregion.com.ar\/diario\/canada-de-gomez-bienvenida-oficial-a-la-abuela-peregrina\/\" title=\"Read more\" >&#8230;<\/a><\/p>\n","protected":false},"author":2,"featured_media":1031,"comment_status":"open","ping_status":"open","sticky":false,"template":"","format":"standard","meta":{"_jetpack_memberships_contains_paid_content":false,"footnotes":"","jetpack_publicize_message":"","jetpack_publicize_feature_enabled":true,"jetpack_social_post_already_shared":false,"jetpack_social_options":{"image_generator_settings":{"template":"highway","default_image_id":0,"enabled":false},"version":2}},"categories":[1,3],"tags":[33,938,936,163,19,164,31,937,939],"class_list":["post-1030","post","type-post","status-publish","format-standard","has-post-thumbnail","hentry","category-diario-armstrong","category-region","tag-a","tag-abuela","tag-bienvenida","tag-canada","tag-de","tag-gomez","tag-la","tag-oficial","tag-peregrina"],"jetpack_publicize_connections":[],"jetpack_featured_media_url":"https:\/\/armstrongyregion.com.ar\/diario\/wp-content\/uploads\/2015\/02\/carinaemma.jpg","jetpack_shortlink":"https:\/\/wp.me\/p62QDO-gC","jetpack_sharing_enabled":true,"amp_enabled":true,"_links":{"self":[{"href":"https:\/\/armstrongyregion.com.ar\/diario\/wp-json\/wp\/v2\/posts\/1030","targetHints":{"allow":["GET"]}}],"collection":[{"href":"https:\/\/armstrongyregion.com.ar\/diario\/wp-json\/wp\/v2\/posts"}],"about":[{"href":"https:\/\/armstrongyregion.com.ar\/diario\/wp-json\/wp\/v2\/types\/post"}],"author":[{"embeddable":true,"href":"https:\/\/armstrongyregion.com.ar\/diario\/wp-json\/wp\/v2\/users\/2"}],"replies":[{"embeddable":true,"href":"https:\/\/armstrongyregion.com.ar\/diario\/wp-json\/wp\/v2\/comments?post=1030"}],"version-history":[{"count":0,"href":"https:\/\/armstrongyregion.com.ar\/diario\/wp-json\/wp\/v2\/posts\/1030\/revisions"}],"wp:featuredmedia":[{"embeddable":true,"href":"https:\/\/armstrongyregion.com.ar\/diario\/wp-json\/wp\/v2\/media\/1031"}],"wp:attachment":[{"href":"https:\/\/armstrongyregion.com.ar\/diario\/wp-json\/wp\/v2\/media?parent=1030"}],"wp:term":[{"taxonomy":"category","embeddable":true,"href":"https:\/\/armstrongyregion.com.ar\/diario\/wp-json\/wp\/v2\/categories?post=1030"},{"taxonomy":"post_tag","embeddable":true,"href":"https:\/\/armstrongyregion.com.ar\/diario\/wp-json\/wp\/v2\/tags?post=1030"}],"curies":[{"name":"wp","href":"https:\/\/api.w.org\/{rel}","templated":true}]}}