{"id":10292,"date":"2016-11-01T12:57:59","date_gmt":"2016-11-01T12:57:59","guid":{"rendered":"https:\/\/armstrongyregion.com.ar\/diario\/?p=10292"},"modified":"2016-11-01T13:02:37","modified_gmt":"2016-11-01T13:02:37","slug":"este-martes-en-deliberando-seguridad-y-politica-local","status":"publish","type":"post","link":"https:\/\/armstrongyregion.com.ar\/diario\/este-martes-en-deliberando-seguridad-y-politica-local\/","title":{"rendered":"Este martes en DELIBERANDO, seguridad y pol\u00edtica local."},"content":{"rendered":"<p><a href=\"http:\/\/armstrongyregion.com.ar\/diario\/wp-content\/uploads\/2016\/11\/DSC_0146.jpg\"><img loading=\"lazy\" decoding=\"async\" src=\"http:\/\/armstrongyregion.com.ar\/diario\/wp-content\/uploads\/2016\/11\/DSC_0146-300x200.jpg\" alt=\"Julieta-Finos-\" width=\"300\" height=\"200\" class=\"alignnone size-medium wp-image-10293\" srcset=\"https:\/\/armstrongyregion.com.ar\/diario\/wp-content\/uploads\/2016\/11\/DSC_0146-300x200.jpg 300w, https:\/\/armstrongyregion.com.ar\/diario\/wp-content\/uploads\/2016\/11\/DSC_0146-1024x683.jpg 1024w\" sizes=\"auto, (max-width: 300px) 100vw, 300px\" \/><\/a>La sub comisario Julieta Finos, jefa de la oficina de orientaci\u00f3n a las v\u00edctimas de la Unidad Regional III, con asiento en Las Rosas, nos hablar\u00e1 sobre c\u00f3mo act\u00faa esa oficina, antes los \u00faltimos casos de violencia de g\u00e9nero,  como se debe proceder, razones que llevan a la violencia.<br \/>\nAdem\u00e1s en su af\u00e1n de enriquecer sus conocimientos en la materia y brindar una mejor atenci\u00f3n a quienes llegan a esa dependencia, emprende un viaje para participar del Octavo Congreso Latinoamaericano de Minoridad, Adolescentes y Familia, que se dicta en Cartagena de Indias, Colombia y la importancia de participar en este tipo de encuentros internacionales.<br \/>\n<a href=\"http:\/\/armstrongyregion.com.ar\/diario\/wp-content\/uploads\/2016\/11\/DSC_0151.jpg\"><img loading=\"lazy\" decoding=\"async\" src=\"http:\/\/armstrongyregion.com.ar\/diario\/wp-content\/uploads\/2016\/11\/DSC_0151-300x200.jpg\" alt=\"Daniela-Perez-\" width=\"300\" height=\"200\" class=\"alignnone size-medium wp-image-10295\" srcset=\"https:\/\/armstrongyregion.com.ar\/diario\/wp-content\/uploads\/2016\/11\/DSC_0151-300x200.jpg 300w, https:\/\/armstrongyregion.com.ar\/diario\/wp-content\/uploads\/2016\/11\/DSC_0151-1024x683.jpg 1024w\" sizes=\"auto, (max-width: 300px) 100vw, 300px\" \/><\/a>Por su parte la marcha del concejo deliberante de nuestra ciudad en el an\u00e1lisis de la concejala oficialista Daniela P\u00e9rez.<br \/>\n La edil abordar\u00e1 como observa el trabajo de ese cuerpo en este a\u00f1o donde no hay puja pol\u00edtica, y como vislumbra el pr\u00f3ximo ante la elecci\u00f3n de un nuevo intendente. En raz\u00f3n de responder a un frente provincial distinto en ideolog\u00eda pol\u00edtica con respecto a la naci\u00f3n de parte del radicalismo como se conjuga esa posici\u00f3n.<br \/>\nTodo este martes en DELIBERANDO, con la conducci\u00f3n de la licenciada Graciela de la Casa y Oscar Crispino.<br \/>\nMartes 21hs. CableImagenArmstrong-<br \/>\nJueves 22hs CableVision-<\/p>\n","protected":false},"excerpt":{"rendered":"<p>La sub comisario Julieta Finos, jefa de la oficina de orientaci\u00f3n a las v\u00edctimas de la Unidad Regional III, con asiento en Las Rosas, nos hablar\u00e1 sobre c\u00f3mo act\u00faa esa oficina, antes los \u00faltimos casos de violencia de g\u00e9nero, como se debe proceder, razones que llevan a la violencia. Adem\u00e1s en su af\u00e1n de enriquecer <a href=\"https:\/\/armstrongyregion.com.ar\/diario\/este-martes-en-deliberando-seguridad-y-politica-local\/\" title=\"Read more\" >&#8230;<\/a><\/p>\n","protected":false},"author":1,"featured_media":10293,"comment_status":"open","ping_status":"open","sticky":false,"template":"","format":"standard","meta":{"_jetpack_memberships_contains_paid_content":false,"footnotes":"","jetpack_publicize_message":"","jetpack_publicize_feature_enabled":true,"jetpack_social_post_already_shared":false,"jetpack_social_options":{"image_generator_settings":{"template":"highway","default_image_id":0,"enabled":false},"version":2}},"categories":[8,1,2,7,3],"tags":[1307,4569],"class_list":["post-10292","post","type-post","status-publish","format-standard","has-post-thumbnail","hentry","category-deliberando","category-diario-armstrong","category-locales","category-politica","category-region","tag-este-martes-en-deliberando","tag-seguridad-y-politica-local"],"jetpack_publicize_connections":[],"jetpack_featured_media_url":"https:\/\/armstrongyregion.com.ar\/diario\/wp-content\/uploads\/2016\/11\/DSC_0146.jpg","jetpack_shortlink":"https:\/\/wp.me\/p62QDO-2G0","jetpack_sharing_enabled":true,"amp_enabled":true,"_links":{"self":[{"href":"https:\/\/armstrongyregion.com.ar\/diario\/wp-json\/wp\/v2\/posts\/10292","targetHints":{"allow":["GET"]}}],"collection":[{"href":"https:\/\/armstrongyregion.com.ar\/diario\/wp-json\/wp\/v2\/posts"}],"about":[{"href":"https:\/\/armstrongyregion.com.ar\/diario\/wp-json\/wp\/v2\/types\/post"}],"author":[{"embeddable":true,"href":"https:\/\/armstrongyregion.com.ar\/diario\/wp-json\/wp\/v2\/users\/1"}],"replies":[{"embeddable":true,"href":"https:\/\/armstrongyregion.com.ar\/diario\/wp-json\/wp\/v2\/comments?post=10292"}],"version-history":[{"count":0,"href":"https:\/\/armstrongyregion.com.ar\/diario\/wp-json\/wp\/v2\/posts\/10292\/revisions"}],"wp:featuredmedia":[{"embeddable":true,"href":"https:\/\/armstrongyregion.com.ar\/diario\/wp-json\/wp\/v2\/media\/10293"}],"wp:attachment":[{"href":"https:\/\/armstrongyregion.com.ar\/diario\/wp-json\/wp\/v2\/media?parent=10292"}],"wp:term":[{"taxonomy":"category","embeddable":true,"href":"https:\/\/armstrongyregion.com.ar\/diario\/wp-json\/wp\/v2\/categories?post=10292"},{"taxonomy":"post_tag","embeddable":true,"href":"https:\/\/armstrongyregion.com.ar\/diario\/wp-json\/wp\/v2\/tags?post=10292"}],"curies":[{"name":"wp","href":"https:\/\/api.w.org\/{rel}","templated":true}]}}