{"id":10279,"date":"2016-11-01T12:34:40","date_gmt":"2016-11-01T12:34:40","guid":{"rendered":"https:\/\/armstrongyregion.com.ar\/diario\/?p=10279"},"modified":"2016-11-01T12:34:40","modified_gmt":"2016-11-01T12:34:40","slug":"en-la-comunidad-de-montes-de-oca-ya-brilla-un-nuevo-faro-de-campo","status":"publish","type":"post","link":"https:\/\/armstrongyregion.com.ar\/diario\/en-la-comunidad-de-montes-de-oca-ya-brilla-un-nuevo-faro-de-campo\/","title":{"rendered":"En la comunidad de Montes de Oca ya brilla un nuevo \u201cFaro de Campo\u201d."},"content":{"rendered":"<p><a href=\"http:\/\/armstrongyregion.com.ar\/diario\/wp-content\/uploads\/2016\/11\/mtes-oca-faro.jpg\"><img loading=\"lazy\" decoding=\"async\" src=\"http:\/\/armstrongyregion.com.ar\/diario\/wp-content\/uploads\/2016\/11\/mtes-oca-faro-300x225.jpg\" alt=\"mtes-oca-faro\" width=\"300\" height=\"225\" class=\"alignnone size-medium wp-image-10280\" srcset=\"https:\/\/armstrongyregion.com.ar\/diario\/wp-content\/uploads\/2016\/11\/mtes-oca-faro-300x225.jpg 300w, https:\/\/armstrongyregion.com.ar\/diario\/wp-content\/uploads\/2016\/11\/mtes-oca-faro.jpg 768w\" sizes=\"auto, (max-width: 300px) 100vw, 300px\" \/><\/a>El viernes 28 de octubre en la comunidad perteneciente al depto Belgrano se llev\u00f3 a cabo a trav\u00e9s de la artista Yamila Zeballos un nuevo \u201cFaro de Campo\u201d<\/p>\n<p>La Secretaria de Cultura local, determin\u00f3 que en el ingreso de la localidad sobre la Ruta Provincial N\u00b028, se pueda visibilizar su idiosincrasia y cultura..<\/p>\n<p>El Proyecto inspirado por la Prof Guillermina Milocco (Sastre), posee la finalidad de iluminar los caminos culturales que se unen a trav\u00e9s del Ente Cultural Santafesino.<\/p>\n<p>De esta manera, esta propuesta  pretende lograr una participaci\u00f3n directa de cada miembro de la sociedad que se desee formar parte de esta propuesta cultural. As\u00ed, se fomenta la inclusi\u00f3n social y la tarea en conjunto. Adem\u00e1s, se adquiere aprendizaje en las t\u00e9cnicas y destrezas que enriquecen el modo de abordar la pintura y el arte.<\/p>\n<p>Estas intervenciones se replican por toda la provincia en el proyecto denominado \u201cFaros del Campo\u201d. El aprendizaje es significativo, como proceso individual y colectivo, ya que en la actividad se adquieren t\u00e9cnicas y destrezas que enriquecen el modo de abordar la pintura y el arte, adem\u00e1s del sentido de pertenencia que adquiere cada miembro hacia la obra realizada.<\/p>\n","protected":false},"excerpt":{"rendered":"<p>El viernes 28 de octubre en la comunidad perteneciente al depto Belgrano se llev\u00f3 a cabo a trav\u00e9s de la artista Yamila Zeballos un nuevo \u201cFaro de Campo\u201d La Secretaria de Cultura local, determin\u00f3 que en el ingreso de la localidad sobre la Ruta Provincial N\u00b028, se pueda visibilizar su idiosincrasia y cultura.. El Proyecto <a href=\"https:\/\/armstrongyregion.com.ar\/diario\/en-la-comunidad-de-montes-de-oca-ya-brilla-un-nuevo-faro-de-campo\/\" title=\"Read more\" >&#8230;<\/a><\/p>\n","protected":false},"author":1,"featured_media":10280,"comment_status":"open","ping_status":"open","sticky":false,"template":"","format":"standard","meta":{"_jetpack_memberships_contains_paid_content":false,"footnotes":"","jetpack_publicize_message":"","jetpack_publicize_feature_enabled":true,"jetpack_social_post_already_shared":false,"jetpack_social_options":{"image_generator_settings":{"template":"highway","default_image_id":0,"enabled":false},"version":2}},"categories":[6,1,3],"tags":[4565],"class_list":["post-10279","post","type-post","status-publish","format-standard","has-post-thumbnail","hentry","category-cultura-entretenimiento","category-diario-armstrong","category-region","tag-en-la-comunidad-de-montes-de-oca-ya-brilla-un-nuevo-faro-de-campo"],"jetpack_publicize_connections":[],"jetpack_featured_media_url":"https:\/\/armstrongyregion.com.ar\/diario\/wp-content\/uploads\/2016\/11\/mtes-oca-faro.jpg","jetpack_shortlink":"https:\/\/wp.me\/p62QDO-2FN","jetpack_sharing_enabled":true,"amp_enabled":true,"_links":{"self":[{"href":"https:\/\/armstrongyregion.com.ar\/diario\/wp-json\/wp\/v2\/posts\/10279","targetHints":{"allow":["GET"]}}],"collection":[{"href":"https:\/\/armstrongyregion.com.ar\/diario\/wp-json\/wp\/v2\/posts"}],"about":[{"href":"https:\/\/armstrongyregion.com.ar\/diario\/wp-json\/wp\/v2\/types\/post"}],"author":[{"embeddable":true,"href":"https:\/\/armstrongyregion.com.ar\/diario\/wp-json\/wp\/v2\/users\/1"}],"replies":[{"embeddable":true,"href":"https:\/\/armstrongyregion.com.ar\/diario\/wp-json\/wp\/v2\/comments?post=10279"}],"version-history":[{"count":0,"href":"https:\/\/armstrongyregion.com.ar\/diario\/wp-json\/wp\/v2\/posts\/10279\/revisions"}],"wp:featuredmedia":[{"embeddable":true,"href":"https:\/\/armstrongyregion.com.ar\/diario\/wp-json\/wp\/v2\/media\/10280"}],"wp:attachment":[{"href":"https:\/\/armstrongyregion.com.ar\/diario\/wp-json\/wp\/v2\/media?parent=10279"}],"wp:term":[{"taxonomy":"category","embeddable":true,"href":"https:\/\/armstrongyregion.com.ar\/diario\/wp-json\/wp\/v2\/categories?post=10279"},{"taxonomy":"post_tag","embeddable":true,"href":"https:\/\/armstrongyregion.com.ar\/diario\/wp-json\/wp\/v2\/tags?post=10279"}],"curies":[{"name":"wp","href":"https:\/\/api.w.org\/{rel}","templated":true}]}}