{"id":10269,"date":"2016-10-31T03:58:10","date_gmt":"2016-10-31T03:58:10","guid":{"rendered":"https:\/\/armstrongyregion.com.ar\/diario\/?p=10269"},"modified":"2016-10-31T03:58:10","modified_gmt":"2016-10-31T03:58:10","slug":"otitis-media-por-dr-miguel-maimo-arganaraz","status":"publish","type":"post","link":"https:\/\/armstrongyregion.com.ar\/diario\/otitis-media-por-dr-miguel-maimo-arganaraz\/","title":{"rendered":"Otitis Media. Por Dr. Miguel Maimo Arga\u00f1araz."},"content":{"rendered":"<p><a href=\"http:\/\/armstrongyregion.com.ar\/diario\/wp-content\/uploads\/2016\/10\/DSC_0011.jpg\"><img loading=\"lazy\" decoding=\"async\" src=\"http:\/\/armstrongyregion.com.ar\/diario\/wp-content\/uploads\/2016\/10\/DSC_0011-300x200.jpg\" alt=\"Miguel-Maimo-\" width=\"300\" height=\"200\" class=\"alignnone size-medium wp-image-10270\" srcset=\"https:\/\/armstrongyregion.com.ar\/diario\/wp-content\/uploads\/2016\/10\/DSC_0011-300x200.jpg 300w, https:\/\/armstrongyregion.com.ar\/diario\/wp-content\/uploads\/2016\/10\/DSC_0011-1024x683.jpg 1024w\" sizes=\"auto, (max-width: 300px) 100vw, 300px\" \/><\/a>La otitis media (OM) es la inflamaci\u00f3n de la mucosa que recubre el espacio del o\u00eddo medio<br \/>\nAnat\u00f3micamente, el o\u00eddo se divide grosso modo en 3 porciones:<br \/>\n O\u00eddo externo, que comprende el pabell\u00f3n auricular y el conducto auditivo.<br \/>\n2. O\u00eddo medio, que comprende la membrana timp\u00e1nica (MT), los huesecillos del o\u00eddo (martillo, yunque y estribo) con sus ligamentos de sost\u00e9n, todos incluidos en una cavidad llena de aire (caja timp\u00e1nica) que se extiende hasta el hueso de la mastoides (celdillas a\u00e9reas mastoideas) y finalmente una comunicaci\u00f3n de este espaci\u00f3 hacia la nariz llamada Trompa de Eustaquio (TE).<br \/>\n3. O\u00eddo interno, que incluye una porci\u00f3n auditiva, la c\u00f3clea \u00f3 caracol, y una porci\u00f3n encargada del equilibrio \u00f3 laberinto vestibular.<br \/>\n \u00bfEs frecuente la otitis media? Es una enfermedad muy frecuente, principalmente en los ni\u00f1os, de hecho, es la causa m\u00e1s frecuente de consulta de ni\u00f1os en edad preescolar, del 35% hasta el 75% de los ni\u00f1os han presentado al menos un cuadro de otitis media antes de los 6 meses y de presentar su primer cuadro efectivamente antes de los 6 meses favorece la recurrencia.<br \/>\n \u00bfExisten factores que favorezcan la aparici\u00f3n de otitis media? Se han mencionado factores que pueden asociarse a una mayor incidencia de otitis media, entre ellos se encuentran:<br \/>\nRaza, sexo, predisposici\u00f3n gen\u00e9tica, tabaquismo, \u00e9poca del a\u00f1o, malformaciones craneofaciales.  De todos estos factores, la permeabilidad de la trompa de Eustaquio es el m\u00e1s importante, su mala funci\u00f3n \u00f3 su permeabilidad excesiva es la piedra angular en la g\u00e9nesis de la otitis media. La pobre funci\u00f3n por inflamaci\u00f3n (infecci\u00f3n, alergia) u obstrucci\u00f3n (adenoides, tumores de nasofaringe) es lo m\u00e1s frecuente.<\/p>\n<p> \u00bfCu\u00e1ntos tipos de otitis media existen? Existen diversas clasificaciones para la otitis media, podemos hacer una distinci\u00f3n de acuerdo a su tiempo de evoluci\u00f3n en:<br \/>\na. Aguda, cuando la duraci\u00f3n no es mayor a 3 semanas.<br \/>\nb. Subaguda, de 3 a 12 semanas.<br \/>\nc. Cr\u00f3nica, cuando la evoluci\u00f3n sea mayor a 3 meses.<\/p>\n<p>Tambi\u00e9n se puede dividir si existe \u00f3 no liquido dentro del o\u00eddo medio, y de acuerdo a las caracter\u00edsticas de la secreci\u00f3n en:a. Serosa, tambi\u00e9n llamada no supurativa \u00f3 \u201cest\u00e9ril\u201d, cuando la secreci\u00f3n es de aspecto claro \u00f3 transparente.<br \/>\nb. Mucoide, en caso de una secreci\u00f3n \u00f3 moco sumamente espeso.<br \/>\nc. Purulenta, cuando la secreci\u00f3n es pus.<\/p>\n<p>\u00bfCuales son los principales s\u00edntomas de la otitis media? Los m\u00e1s comunes son el dolor de o\u00eddo, fiebre mayor a 40 \u00b0C, irritabilidad y secreci\u00f3n a trav\u00e9s del conducto auditivo (otorrea), menos comunes son el dolor de cabeza, zumbido de o\u00eddos, mareo \u00f3 v\u00e9rtigo \u00f3 par\u00e1lisis facial.<br \/>\n \u00bfExisten estudios de laboratorio \u00f3 gabinete \u00fatiles en el diagn\u00f3stico de otitis media? A juicio del m\u00e9dico, y sobre todo en sospecha de complicaciones, la realizaci\u00f3n de una tomograf\u00eda computada de o\u00eddos puede definir con precisi\u00f3n el estado del o\u00eddo medio y la presencia de complicaciones en el hueso temporal \u00f3 intracraneales. Otros estudios de utilidad son la audiometr\u00eda y la timpanometria. Imagen que muestra la membrana timp\u00e1nica del o\u00eddo izquierdo \u00ababombada\u00bb por presencia de secreci\u00f3n dentro del oido medio<br \/>\n\u00bfQu\u00e9 complicaciones pueden ocurrir secundariamente a otitis media? Las complicaciones pueden ser sordera, perforaci\u00f3n residual de la membrana timp\u00e1nica, otitis media cr\u00f3nica, par\u00e1lisis facial, mientras que por su cercan\u00eda con el cerebro pudiera complicarse con meningitis, absceso cerebral, trombosis del seno lateral, etc.<\/p>\n<p> \u00bfCu\u00e1l es el manejo de la otitis media? Principalmente el evitar complicaciones y el tratar la enfermedad sintom\u00e1tica. A juicio del m\u00e9dico, puede manejarse solo con observaci\u00f3n, ya que hasta un 60% de las otitis media resuelven por s\u00ed solas en una semana. De acuerdo a las caracter\u00edsticas de la otitis y al juicio del M\u00e9dico se indicara un tratamiento con antibi\u00f3tico, el empleo de analg\u00e9sicos y en caso necesario realizar una punci\u00f3n de la membrana del t\u00edmpano (miringotom\u00eda) \u00f3 bien la colocaci\u00f3n de un tubo de ventilaci\u00f3n. Los descongestionantes nasales \u00f3 los antihistam\u00ednicos y esteroides no han demostrado su utilidad.<br \/>\nFuente: Programa Prevenci\u00f3n y Salud. Dr.  Miguel Maimo Arga\u00f1araz.<br \/>\nPrograma Tv. Prevenci\u00f3n y Salud. Lunes 31 de octubre 13,30hs.<br \/>\nReiteraci\u00f3n: Jueves 20hs y s\u00e1bado 12,30hs<\/p>\n","protected":false},"excerpt":{"rendered":"<p>La otitis media (OM) es la inflamaci\u00f3n de la mucosa que recubre el espacio del o\u00eddo medio Anat\u00f3micamente, el o\u00eddo se divide grosso modo en 3 porciones: O\u00eddo externo, que comprende el pabell\u00f3n auricular y el conducto auditivo. 2. O\u00eddo medio, que comprende la membrana timp\u00e1nica (MT), los huesecillos del o\u00eddo (martillo, yunque y estribo) <a href=\"https:\/\/armstrongyregion.com.ar\/diario\/otitis-media-por-dr-miguel-maimo-arganaraz\/\" title=\"Read more\" >&#8230;<\/a><\/p>\n","protected":false},"author":1,"featured_media":10270,"comment_status":"open","ping_status":"open","sticky":false,"template":"","format":"standard","meta":{"_jetpack_memberships_contains_paid_content":false,"footnotes":"","jetpack_publicize_message":"","jetpack_publicize_feature_enabled":true,"jetpack_social_post_already_shared":false,"jetpack_social_options":{"image_generator_settings":{"template":"highway","default_image_id":0,"enabled":false},"version":2}},"categories":[1,2,4,3],"tags":[647,1191,4560,4559,435,4558,60],"class_list":["post-10269","post","type-post","status-publish","format-standard","has-post-thumbnail","hentry","category-diario-armstrong","category-locales","category-prevencion-salud","category-region","tag-arganaraz","tag-dr","tag-maimo","tag-media","tag-miguel","tag-otitis","tag-por"],"jetpack_publicize_connections":[],"jetpack_featured_media_url":"https:\/\/armstrongyregion.com.ar\/diario\/wp-content\/uploads\/2016\/10\/DSC_0011.jpg","jetpack_shortlink":"https:\/\/wp.me\/p62QDO-2FD","jetpack_sharing_enabled":true,"amp_enabled":true,"_links":{"self":[{"href":"https:\/\/armstrongyregion.com.ar\/diario\/wp-json\/wp\/v2\/posts\/10269","targetHints":{"allow":["GET"]}}],"collection":[{"href":"https:\/\/armstrongyregion.com.ar\/diario\/wp-json\/wp\/v2\/posts"}],"about":[{"href":"https:\/\/armstrongyregion.com.ar\/diario\/wp-json\/wp\/v2\/types\/post"}],"author":[{"embeddable":true,"href":"https:\/\/armstrongyregion.com.ar\/diario\/wp-json\/wp\/v2\/users\/1"}],"replies":[{"embeddable":true,"href":"https:\/\/armstrongyregion.com.ar\/diario\/wp-json\/wp\/v2\/comments?post=10269"}],"version-history":[{"count":0,"href":"https:\/\/armstrongyregion.com.ar\/diario\/wp-json\/wp\/v2\/posts\/10269\/revisions"}],"wp:featuredmedia":[{"embeddable":true,"href":"https:\/\/armstrongyregion.com.ar\/diario\/wp-json\/wp\/v2\/media\/10270"}],"wp:attachment":[{"href":"https:\/\/armstrongyregion.com.ar\/diario\/wp-json\/wp\/v2\/media?parent=10269"}],"wp:term":[{"taxonomy":"category","embeddable":true,"href":"https:\/\/armstrongyregion.com.ar\/diario\/wp-json\/wp\/v2\/categories?post=10269"},{"taxonomy":"post_tag","embeddable":true,"href":"https:\/\/armstrongyregion.com.ar\/diario\/wp-json\/wp\/v2\/tags?post=10269"}],"curies":[{"name":"wp","href":"https:\/\/api.w.org\/{rel}","templated":true}]}}