{"id":10266,"date":"2016-10-31T03:51:13","date_gmt":"2016-10-31T03:51:13","guid":{"rendered":"https:\/\/armstrongyregion.com.ar\/diario\/?p=10266"},"modified":"2016-10-31T03:51:13","modified_gmt":"2016-10-31T03:51:13","slug":"quedo-inaugurado-el-s-u-m-en-el-club-atletico-barraca","status":"publish","type":"post","link":"https:\/\/armstrongyregion.com.ar\/diario\/quedo-inaugurado-el-s-u-m-en-el-club-atletico-barraca\/","title":{"rendered":"Qued\u00f3 inaugurado el S. U. M en el Club Atl\u00e9tico Barraca."},"content":{"rendered":"<p><a href=\"http:\/\/armstrongyregion.com.ar\/diario\/wp-content\/uploads\/2016\/10\/Juventud-Barraquera.jpg\"><img loading=\"lazy\" decoding=\"async\" src=\"http:\/\/armstrongyregion.com.ar\/diario\/wp-content\/uploads\/2016\/10\/Juventud-Barraquera-300x169.jpg\" alt=\"juventud-barraquera\" width=\"300\" height=\"169\" class=\"alignnone size-medium wp-image-10267\" srcset=\"https:\/\/armstrongyregion.com.ar\/diario\/wp-content\/uploads\/2016\/10\/Juventud-Barraquera-300x169.jpg 300w, https:\/\/armstrongyregion.com.ar\/diario\/wp-content\/uploads\/2016\/10\/Juventud-Barraquera.jpg 768w\" sizes=\"auto, (max-width: 300px) 100vw, 300px\" \/><\/a>En la noche del s\u00e1bado qued\u00f3 oficialmente inaugurado el S. U. M en el Club Atl\u00e9tico Barraca. Se realiz\u00f3 un corte de cintas con la presencia de autoridades de la instituci\u00f3n, Juventud Barraquera y el intendente local  Dr. Pablo Verdecchia. Luego compartieron una cena espectacular junto a  la familia barraquera<br \/>\n\u201cRealmente est\u00e1s obras enorgullecen a toda la comunidad barraquera, pero lo que m\u00e1s nos enorgullece es tener dentro a \u00e9stos j\u00f3venes pujantes realizadores y ejecutores de maravillosa obra. A todos ellos el aliento constante\u201d. Menciona uno de sus dirigentes.<br \/>\nFuente e Im\u00e1genes: Juventud Barraquera.<\/p>\n","protected":false},"excerpt":{"rendered":"<p>En la noche del s\u00e1bado qued\u00f3 oficialmente inaugurado el S. U. M en el Club Atl\u00e9tico Barraca. Se realiz\u00f3 un corte de cintas con la presencia de autoridades de la instituci\u00f3n, Juventud Barraquera y el intendente local Dr. Pablo Verdecchia. Luego compartieron una cena espectacular junto a la familia barraquera \u201cRealmente est\u00e1s obras enorgullecen a <a href=\"https:\/\/armstrongyregion.com.ar\/diario\/quedo-inaugurado-el-s-u-m-en-el-club-atletico-barraca\/\" title=\"Read more\" >&#8230;<\/a><\/p>\n","protected":false},"author":1,"featured_media":10267,"comment_status":"open","ping_status":"open","sticky":false,"template":"","format":"standard","meta":{"_jetpack_memberships_contains_paid_content":false,"footnotes":"","jetpack_publicize_message":"","jetpack_publicize_feature_enabled":true,"jetpack_social_post_already_shared":false,"jetpack_social_options":{"image_generator_settings":{"template":"highway","default_image_id":0,"enabled":false},"version":2}},"categories":[6,5,1,2,3],"tags":[259,916,258,16,15,4556,1661,4557],"class_list":["post-10266","post","type-post","status-publish","format-standard","has-post-thumbnail","hentry","category-cultura-entretenimiento","category-deportes","category-diario-armstrong","category-locales","category-region","tag-atletico","tag-barraca","tag-club","tag-el","tag-en","tag-inaugurado","tag-quedo","tag-s-u-m"],"jetpack_publicize_connections":[],"jetpack_featured_media_url":"https:\/\/armstrongyregion.com.ar\/diario\/wp-content\/uploads\/2016\/10\/Juventud-Barraquera.jpg","jetpack_shortlink":"https:\/\/wp.me\/p62QDO-2FA","jetpack_sharing_enabled":true,"amp_enabled":true,"_links":{"self":[{"href":"https:\/\/armstrongyregion.com.ar\/diario\/wp-json\/wp\/v2\/posts\/10266","targetHints":{"allow":["GET"]}}],"collection":[{"href":"https:\/\/armstrongyregion.com.ar\/diario\/wp-json\/wp\/v2\/posts"}],"about":[{"href":"https:\/\/armstrongyregion.com.ar\/diario\/wp-json\/wp\/v2\/types\/post"}],"author":[{"embeddable":true,"href":"https:\/\/armstrongyregion.com.ar\/diario\/wp-json\/wp\/v2\/users\/1"}],"replies":[{"embeddable":true,"href":"https:\/\/armstrongyregion.com.ar\/diario\/wp-json\/wp\/v2\/comments?post=10266"}],"version-history":[{"count":0,"href":"https:\/\/armstrongyregion.com.ar\/diario\/wp-json\/wp\/v2\/posts\/10266\/revisions"}],"wp:featuredmedia":[{"embeddable":true,"href":"https:\/\/armstrongyregion.com.ar\/diario\/wp-json\/wp\/v2\/media\/10267"}],"wp:attachment":[{"href":"https:\/\/armstrongyregion.com.ar\/diario\/wp-json\/wp\/v2\/media?parent=10266"}],"wp:term":[{"taxonomy":"category","embeddable":true,"href":"https:\/\/armstrongyregion.com.ar\/diario\/wp-json\/wp\/v2\/categories?post=10266"},{"taxonomy":"post_tag","embeddable":true,"href":"https:\/\/armstrongyregion.com.ar\/diario\/wp-json\/wp\/v2\/tags?post=10266"}],"curies":[{"name":"wp","href":"https:\/\/api.w.org\/{rel}","templated":true}]}}