{"id":10263,"date":"2016-10-30T21:07:26","date_gmt":"2016-10-30T21:07:26","guid":{"rendered":"https:\/\/armstrongyregion.com.ar\/diario\/?p=10263"},"modified":"2016-10-30T21:07:26","modified_gmt":"2016-10-30T21:07:26","slug":"dos-accidentes-fatales-enlutan-a-la-region","status":"publish","type":"post","link":"https:\/\/armstrongyregion.com.ar\/diario\/dos-accidentes-fatales-enlutan-a-la-region\/","title":{"rendered":"Dos accidentes fatales enlutan a la regi\u00f3n."},"content":{"rendered":"<p><a href=\"http:\/\/armstrongyregion.com.ar\/diario\/wp-content\/uploads\/2016\/10\/accidentes.jpg\"><img loading=\"lazy\" decoding=\"async\" src=\"http:\/\/armstrongyregion.com.ar\/diario\/wp-content\/uploads\/2016\/10\/accidentes-300x168.jpg\" alt=\"accidentes\" width=\"300\" height=\"168\" class=\"alignnone size-medium wp-image-10264\" srcset=\"https:\/\/armstrongyregion.com.ar\/diario\/wp-content\/uploads\/2016\/10\/accidentes-300x168.jpg 300w, https:\/\/armstrongyregion.com.ar\/diario\/wp-content\/uploads\/2016\/10\/accidentes.jpg 768w\" sizes=\"auto, (max-width: 300px) 100vw, 300px\" \/><\/a>Accidente Fatal en Ca\u00f1ada de G\u00f3mez<\/p>\n<p>Accidente fatal en la ruta Cuatro j\u00f3venes, tres oriundos de Bustinza y una chica de Correa fallecieron en un incidente producido sobre la ruta 9 a las 6.00 de este domingo.<\/p>\n<p>De acuerdo a la informaci\u00f3n disponible, el auto, que se dirig\u00eda a Bustinza, por alguna raz\u00f3n se despist\u00f3 de la ruta, en un paraje cercano al puente sobre el arroyo Ca\u00f1ada de G\u00f3mez.<\/p>\n<p>Los ocupantes del coche fallecieron todos, son tres muchachos residentes en Bustinza, y una joven oriunda de Correa. Al lugar concurrieron los Bomberos de esta \u00faltima, que procedieron a rescatar los cuerpos de las infortunadas v\u00edctimas.<\/p>\n<p>los apellidos de los tres varones son Ribulgo, Leguizam\u00f3n y Gonz\u00e1lez, pertencientes a conocidas familias de Bustinza.<\/p>\n<p>Accidente fatal en Las Rosas: murieron dos j\u00f3venes de San Genaro.<\/p>\n<p>El siniestro se produjo cerca de las 7 de este domingo al volcar una camioneta ocupada por tres j\u00f3venes. Dos de ellos, de alrededor de 30 a\u00f1os, perdieron la vida en el acto. El tercer ocupante fue internado con heridas m\u00faltiples<\/p>\n<p>Dos j\u00f3venes oriundos de San Genaro murieron este domingo a la ma\u00f1ana en un accidente ocurrido a la salidad de la localidad de Las Rosas. En tanto, una tercera persona permanec\u00eda internada con heridas m\u00faltiples.<\/p>\n<p>Seg\u00fan public\u00f3 el sitio Renacer Regional de Las Rosas, el siniestro se produjo cerca de las 7 de este domingo al volcar una camioneta Toyota Hilux ocupada por tres j\u00f3venes de San Genaro. El hecho se registr\u00f3 en la ruta provincial 65, en la curva conocida como Las Lomas.<\/p>\n<p>Cuando los Bomberos arribaron al lugar se encontraron con dos cuerpos fuera del veh\u00edculo, ya sin vida, y dentro de la camioneta un tercer joven atrapado con heridas m\u00faltiples.<\/p>\n<p>El jefe de la comisar\u00eda 1\u00aa de Las Rosas, Dante Sandoval, cont\u00f3 a Radio Las Parejas que recibieron un llamado telef\u00f3nico de un chofer de una l\u00ednea de colectivos que alert\u00f3 sobre el vuelco de la camioneta.<\/p>\n<p>Seg\u00fan public\u00f3 el sitio San Javier Hoy, el funcionario policial indic\u00f3 que se investigan los motivos del vuelco y que los cuerpos de los j\u00f3venes fallecidos, de alrededor de 30 a\u00f1os, \u201cser\u00e1n trasladados a Rosario para la autopsia\u201d.<\/p>\n<p>Fuente: Rosario3.Com- Renacer Regional- Otro D\u00eda-<\/p>\n","protected":false},"excerpt":{"rendered":"<p>Accidente Fatal en Ca\u00f1ada de G\u00f3mez Accidente fatal en la ruta Cuatro j\u00f3venes, tres oriundos de Bustinza y una chica de Correa fallecieron en un incidente producido sobre la ruta 9 a las 6.00 de este domingo. De acuerdo a la informaci\u00f3n disponible, el auto, que se dirig\u00eda a Bustinza, por alguna raz\u00f3n se despist\u00f3 <a href=\"https:\/\/armstrongyregion.com.ar\/diario\/dos-accidentes-fatales-enlutan-a-la-region\/\" title=\"Read more\" >&#8230;<\/a><\/p>\n","protected":false},"author":1,"featured_media":10264,"comment_status":"open","ping_status":"open","sticky":false,"template":"","format":"standard","meta":{"_jetpack_memberships_contains_paid_content":false,"footnotes":"","jetpack_publicize_message":"","jetpack_publicize_feature_enabled":true,"jetpack_social_post_already_shared":false,"jetpack_social_options":{"image_generator_settings":{"template":"highway","default_image_id":0,"enabled":false},"version":2}},"categories":[1,2,2852,3],"tags":[33,3572,831,4555,3951,31,388],"class_list":["post-10263","post","type-post","status-publish","format-standard","has-post-thumbnail","hentry","category-diario-armstrong","category-locales","category-policiales","category-region","tag-a","tag-accidentes","tag-dos","tag-enlutan","tag-fatales","tag-la","tag-region-2"],"jetpack_publicize_connections":[],"jetpack_featured_media_url":"https:\/\/armstrongyregion.com.ar\/diario\/wp-content\/uploads\/2016\/10\/accidentes.jpg","jetpack_shortlink":"https:\/\/wp.me\/p62QDO-2Fx","jetpack_sharing_enabled":true,"amp_enabled":true,"_links":{"self":[{"href":"https:\/\/armstrongyregion.com.ar\/diario\/wp-json\/wp\/v2\/posts\/10263","targetHints":{"allow":["GET"]}}],"collection":[{"href":"https:\/\/armstrongyregion.com.ar\/diario\/wp-json\/wp\/v2\/posts"}],"about":[{"href":"https:\/\/armstrongyregion.com.ar\/diario\/wp-json\/wp\/v2\/types\/post"}],"author":[{"embeddable":true,"href":"https:\/\/armstrongyregion.com.ar\/diario\/wp-json\/wp\/v2\/users\/1"}],"replies":[{"embeddable":true,"href":"https:\/\/armstrongyregion.com.ar\/diario\/wp-json\/wp\/v2\/comments?post=10263"}],"version-history":[{"count":0,"href":"https:\/\/armstrongyregion.com.ar\/diario\/wp-json\/wp\/v2\/posts\/10263\/revisions"}],"wp:featuredmedia":[{"embeddable":true,"href":"https:\/\/armstrongyregion.com.ar\/diario\/wp-json\/wp\/v2\/media\/10264"}],"wp:attachment":[{"href":"https:\/\/armstrongyregion.com.ar\/diario\/wp-json\/wp\/v2\/media?parent=10263"}],"wp:term":[{"taxonomy":"category","embeddable":true,"href":"https:\/\/armstrongyregion.com.ar\/diario\/wp-json\/wp\/v2\/categories?post=10263"},{"taxonomy":"post_tag","embeddable":true,"href":"https:\/\/armstrongyregion.com.ar\/diario\/wp-json\/wp\/v2\/tags?post=10263"}],"curies":[{"name":"wp","href":"https:\/\/api.w.org\/{rel}","templated":true}]}}