{"id":10230,"date":"2016-10-27T20:33:22","date_gmt":"2016-10-27T20:33:22","guid":{"rendered":"https:\/\/armstrongyregion.com.ar\/diario\/?p=10230"},"modified":"2016-10-27T20:33:22","modified_gmt":"2016-10-27T20:33:22","slug":"jornada-de-microemprendimientos-estudiantiles-emprender-para-aprender","status":"publish","type":"post","link":"https:\/\/armstrongyregion.com.ar\/diario\/jornada-de-microemprendimientos-estudiantiles-emprender-para-aprender\/","title":{"rendered":"Jornada de Microemprendimientos estudiantiles \u201cEmprender para Aprender\u201d."},"content":{"rendered":"<p><a href=\"http:\/\/armstrongyregion.com.ar\/diario\/wp-content\/uploads\/2016\/10\/Microemprendimientos-.jpg\"><img loading=\"lazy\" decoding=\"async\" src=\"http:\/\/armstrongyregion.com.ar\/diario\/wp-content\/uploads\/2016\/10\/Microemprendimientos--300x225.jpg\" alt=\"microemprendimientos\" width=\"300\" height=\"225\" class=\"alignnone size-medium wp-image-10231\" srcset=\"https:\/\/armstrongyregion.com.ar\/diario\/wp-content\/uploads\/2016\/10\/Microemprendimientos--300x225.jpg 300w, https:\/\/armstrongyregion.com.ar\/diario\/wp-content\/uploads\/2016\/10\/Microemprendimientos-.jpg 960w\" sizes=\"auto, (max-width: 300px) 100vw, 300px\" \/><\/a>La Esc. De Comercio N\u00b051 \u201cDr. Manuel Belgrano\u201d presenta a toda la comunidad de Armstrong la Feria de Microemprendimientos Estudiantiles \u201cEmprender para Aprender\u201d en los salones MAS desde las 9am donde se realiz\u00f3 el acto inaugural con la presencia de autoridades provinciales entre ellos el delegado de la Regi\u00f3n V Lic. Mario Ramos,  el intendente local Dr. Pablo Verdecchia y el Pte del Concejo Adrian Marozzi.  Por la tarde la Feria reabre sus puertas desde las 18hs hasta las 21hs.<br \/>\nLos directivos de la instituci\u00f3n Silvia Bordabosana y Prof. Omar Maiani, en dialogo con nuestro medio, nos comentaban que este a\u00f1o est\u00e1n m\u00e1s que satisfechos ya que hay 44 microemprendedores n\u00famero que ha superado las expectativas tanto para el cuerpo docente como de los mismos j\u00f3venes con gran diversidad de empresas.<br \/>\nEsta nueva jornada se trata de un proyecto educativo institucional que tiene como prop\u00f3sito principal, que todos los alumnos de la Comunidad Educativa de la Esc. N\u00b0 51 Mariano Moreno vivan la experiencia de crear, proyectar y ejecutar una idea de negocio, en forma grupal.<br \/>\nLos alumnos estuvieron desde muy temprano, ultimando detalles para presentar a la comunidad y vender sus producciones.<br \/>\nLos productos var\u00edan desde plantas, macetas con cactus, Pins, vasos, tazas y mates con emoticones accesorios, relojes de pared, artesan\u00edas en madera, cuadros, adornos infantiles, etc.<br \/>\nEn cuanto a las comidas hay una gran variedad de dulce y salado para degustar en el momento o llevar a casa.<\/p>\n","protected":false},"excerpt":{"rendered":"<p>La Esc. De Comercio N\u00b051 \u201cDr. Manuel Belgrano\u201d presenta a toda la comunidad de Armstrong la Feria de Microemprendimientos Estudiantiles \u201cEmprender para Aprender\u201d en los salones MAS desde las 9am donde se realiz\u00f3 el acto inaugural con la presencia de autoridades provinciales entre ellos el delegado de la Regi\u00f3n V Lic. Mario Ramos, el intendente <a href=\"https:\/\/armstrongyregion.com.ar\/diario\/jornada-de-microemprendimientos-estudiantiles-emprender-para-aprender\/\" title=\"Read more\" >&#8230;<\/a><\/p>\n","protected":false},"author":1,"featured_media":10231,"comment_status":"open","ping_status":"open","sticky":false,"template":"","format":"standard","meta":{"_jetpack_memberships_contains_paid_content":false,"footnotes":"","jetpack_publicize_message":"","jetpack_publicize_feature_enabled":true,"jetpack_social_post_already_shared":false,"jetpack_social_options":{"image_generator_settings":{"template":"highway","default_image_id":0,"enabled":false},"version":2}},"categories":[6,1,2,3],"tags":[3037,19,1125,1291,4546,81],"class_list":["post-10230","post","type-post","status-publish","format-standard","has-post-thumbnail","hentry","category-cultura-entretenimiento","category-diario-armstrong","category-locales","category-region","tag-aprender","tag-de","tag-emprender","tag-jornada","tag-microemprendedores","tag-para"],"jetpack_publicize_connections":[],"jetpack_featured_media_url":"https:\/\/armstrongyregion.com.ar\/diario\/wp-content\/uploads\/2016\/10\/Microemprendimientos-.jpg","jetpack_shortlink":"https:\/\/wp.me\/p62QDO-2F0","jetpack_sharing_enabled":true,"amp_enabled":true,"_links":{"self":[{"href":"https:\/\/armstrongyregion.com.ar\/diario\/wp-json\/wp\/v2\/posts\/10230","targetHints":{"allow":["GET"]}}],"collection":[{"href":"https:\/\/armstrongyregion.com.ar\/diario\/wp-json\/wp\/v2\/posts"}],"about":[{"href":"https:\/\/armstrongyregion.com.ar\/diario\/wp-json\/wp\/v2\/types\/post"}],"author":[{"embeddable":true,"href":"https:\/\/armstrongyregion.com.ar\/diario\/wp-json\/wp\/v2\/users\/1"}],"replies":[{"embeddable":true,"href":"https:\/\/armstrongyregion.com.ar\/diario\/wp-json\/wp\/v2\/comments?post=10230"}],"version-history":[{"count":0,"href":"https:\/\/armstrongyregion.com.ar\/diario\/wp-json\/wp\/v2\/posts\/10230\/revisions"}],"wp:featuredmedia":[{"embeddable":true,"href":"https:\/\/armstrongyregion.com.ar\/diario\/wp-json\/wp\/v2\/media\/10231"}],"wp:attachment":[{"href":"https:\/\/armstrongyregion.com.ar\/diario\/wp-json\/wp\/v2\/media?parent=10230"}],"wp:term":[{"taxonomy":"category","embeddable":true,"href":"https:\/\/armstrongyregion.com.ar\/diario\/wp-json\/wp\/v2\/categories?post=10230"},{"taxonomy":"post_tag","embeddable":true,"href":"https:\/\/armstrongyregion.com.ar\/diario\/wp-json\/wp\/v2\/tags?post=10230"}],"curies":[{"name":"wp","href":"https:\/\/api.w.org\/{rel}","templated":true}]}}