{"id":10221,"date":"2016-10-26T16:10:37","date_gmt":"2016-10-26T16:10:37","guid":{"rendered":"https:\/\/armstrongyregion.com.ar\/diario\/?p=10221"},"modified":"2016-10-26T16:10:37","modified_gmt":"2016-10-26T16:10:37","slug":"rostagno-presente-dos-minutas-una-referida-a-los-terrenos-municipales-y-otra-al-desarrollo-de-una-campana-preventiva","status":"publish","type":"post","link":"https:\/\/armstrongyregion.com.ar\/diario\/rostagno-presente-dos-minutas-una-referida-a-los-terrenos-municipales-y-otra-al-desarrollo-de-una-campana-preventiva\/","title":{"rendered":"Rostagno: \u201cPresent\u00e9 dos minutas una referida a los terrenos municipales y otra al desarrollo de una campa\u00f1a preventiva\u201d"},"content":{"rendered":"<p><a href=\"http:\/\/armstrongyregion.com.ar\/diario\/wp-content\/uploads\/2016\/10\/Leonardo-Rostagno1.jpg\"><img loading=\"lazy\" decoding=\"async\" src=\"http:\/\/armstrongyregion.com.ar\/diario\/wp-content\/uploads\/2016\/10\/Leonardo-Rostagno1-300x200.jpg\" alt=\"leonardo-rostagno\" width=\"300\" height=\"200\" class=\"alignnone size-medium wp-image-10222\" srcset=\"https:\/\/armstrongyregion.com.ar\/diario\/wp-content\/uploads\/2016\/10\/Leonardo-Rostagno1-300x200.jpg 300w, https:\/\/armstrongyregion.com.ar\/diario\/wp-content\/uploads\/2016\/10\/Leonardo-Rostagno1.jpg 768w\" sizes=\"auto, (max-width: 300px) 100vw, 300px\" \/><\/a>El concejal Leonardo Rostagno expresa, \u201cEl pedido de informe, lo hago principalmente porque vecinos del barrio sue\u00f1os del sur, reclamaron que los espacios verdes que le correspond\u00edan a ese barrio, no han sido a\u00fan acondicionados para tal fin y permanecen como terrenos bald\u00edos. Si a eso le sumamos que el espacio que en un momento se hab\u00eda pensado para la escuela t\u00e9cnica y no pudo concretarse porque era un lugar asignado a espacio verde, tambi\u00e9n permanece como bald\u00edo. Todo esto nos llev\u00f3 a querer conocer cu\u00e1les son los terrenos municipales para as\u00ed saber cu\u00e1les corresponden a espacios verdes y cu\u00e1les pueden ser incluidos en alg\u00fan proyecto, para evitar malos entendidos, como el ocurrido con la escuela t\u00e9cnica\u201d.<br \/>\nCon respecto a la segunda minuta, Rostagno dec\u00eda: \u201cDebido a los da\u00f1os que ocasiona a la salud, la exposici\u00f3n al sol y la deshidrataci\u00f3n, nuestro proyecto  pretende concientizar a la poblaci\u00f3n sobre un mal que hoy se ha incrementado y que afecta a todos los segmentos de la sociedad, especialmente a los ni\u00f1os y adultos mayores, en los cuales los efectos pueden ser m\u00e1s nocivos. Consiste en prevenir a trav\u00e9s de charlas educativas en las escuelas a los ni\u00f1os, difusi\u00f3n por todos los medios y agregamos algunas cuestiones m\u00e1s puntuales como la entrega de bloqueador solar y el control dermatol\u00f3gico correspondiente\u201d.<\/p>\n","protected":false},"excerpt":{"rendered":"<p>El concejal Leonardo Rostagno expresa, \u201cEl pedido de informe, lo hago principalmente porque vecinos del barrio sue\u00f1os del sur, reclamaron que los espacios verdes que le correspond\u00edan a ese barrio, no han sido a\u00fan acondicionados para tal fin y permanecen como terrenos bald\u00edos. Si a eso le sumamos que el espacio que en un momento <a href=\"https:\/\/armstrongyregion.com.ar\/diario\/rostagno-presente-dos-minutas-una-referida-a-los-terrenos-municipales-y-otra-al-desarrollo-de-una-campana-preventiva\/\" title=\"Read more\" >&#8230;<\/a><\/p>\n","protected":false},"author":1,"featured_media":10222,"comment_status":"open","ping_status":"open","sticky":false,"template":"","format":"standard","meta":{"_jetpack_memberships_contains_paid_content":false,"footnotes":"","jetpack_publicize_message":"","jetpack_publicize_feature_enabled":true,"jetpack_social_post_already_shared":false,"jetpack_social_options":{"image_generator_settings":{"template":"highway","default_image_id":0,"enabled":false},"version":2}},"categories":[8,1,2,7],"tags":[],"class_list":["post-10221","post","type-post","status-publish","format-standard","has-post-thumbnail","hentry","category-deliberando","category-diario-armstrong","category-locales","category-politica"],"jetpack_publicize_connections":[],"jetpack_featured_media_url":"https:\/\/armstrongyregion.com.ar\/diario\/wp-content\/uploads\/2016\/10\/Leonardo-Rostagno1.jpg","jetpack_shortlink":"https:\/\/wp.me\/p62QDO-2ER","jetpack_sharing_enabled":true,"amp_enabled":true,"_links":{"self":[{"href":"https:\/\/armstrongyregion.com.ar\/diario\/wp-json\/wp\/v2\/posts\/10221","targetHints":{"allow":["GET"]}}],"collection":[{"href":"https:\/\/armstrongyregion.com.ar\/diario\/wp-json\/wp\/v2\/posts"}],"about":[{"href":"https:\/\/armstrongyregion.com.ar\/diario\/wp-json\/wp\/v2\/types\/post"}],"author":[{"embeddable":true,"href":"https:\/\/armstrongyregion.com.ar\/diario\/wp-json\/wp\/v2\/users\/1"}],"replies":[{"embeddable":true,"href":"https:\/\/armstrongyregion.com.ar\/diario\/wp-json\/wp\/v2\/comments?post=10221"}],"version-history":[{"count":0,"href":"https:\/\/armstrongyregion.com.ar\/diario\/wp-json\/wp\/v2\/posts\/10221\/revisions"}],"wp:featuredmedia":[{"embeddable":true,"href":"https:\/\/armstrongyregion.com.ar\/diario\/wp-json\/wp\/v2\/media\/10222"}],"wp:attachment":[{"href":"https:\/\/armstrongyregion.com.ar\/diario\/wp-json\/wp\/v2\/media?parent=10221"}],"wp:term":[{"taxonomy":"category","embeddable":true,"href":"https:\/\/armstrongyregion.com.ar\/diario\/wp-json\/wp\/v2\/categories?post=10221"},{"taxonomy":"post_tag","embeddable":true,"href":"https:\/\/armstrongyregion.com.ar\/diario\/wp-json\/wp\/v2\/tags?post=10221"}],"curies":[{"name":"wp","href":"https:\/\/api.w.org\/{rel}","templated":true}]}}