{"id":1022,"date":"2015-02-24T12:23:34","date_gmt":"2015-02-24T12:23:34","guid":{"rendered":"https:\/\/armstrongyregion.com.ar\/diario\/?p=1022"},"modified":"2015-02-24T12:23:34","modified_gmt":"2015-02-24T12:23:34","slug":"voces-de-candidatos-para-las-paso-este-martes-en-deliberando","status":"publish","type":"post","link":"https:\/\/armstrongyregion.com.ar\/diario\/voces-de-candidatos-para-las-paso-este-martes-en-deliberando\/","title":{"rendered":"Voces de candidatos para las PASO, este martes en DELIBERANDO."},"content":{"rendered":"<p><a href=\"http:\/\/armstrongyregion.com.ar\/diario\/wp-content\/uploads\/2015\/02\/Ariel-Montapponi.jpg\"><img loading=\"lazy\" decoding=\"async\" class=\"alignnone size-medium wp-image-1023\" src=\"http:\/\/armstrongyregion.com.ar\/diario\/wp-content\/uploads\/2015\/02\/Ariel-Montapponi-300x235.jpg\" alt=\"Ariel Montapponi\" width=\"300\" height=\"235\" srcset=\"https:\/\/armstrongyregion.com.ar\/diario\/wp-content\/uploads\/2015\/02\/Ariel-Montapponi-300x235.jpg 300w, https:\/\/armstrongyregion.com.ar\/diario\/wp-content\/uploads\/2015\/02\/Ariel-Montapponi.jpg 638w\" sizes=\"auto, (max-width: 300px) 100vw, 300px\" \/><\/a>Ariel Montapponi, dirigente de Frente Ciudadano \u201cEncuentro por Armstrong\u201d, marca su posici\u00f3n sobre la lista que encabezar\u00e1 como pre candidato a concejal de la ciudad. Porque se presenta y con qu\u00e9 idea de cambio en el concejo local.<br \/>\nLa unidad verdadera porque no se logr\u00f3 en la ciudad. Qu\u00e9 razones dan por tierra juntarse verdaderamente en pos de una uni\u00f3n real. El orgullo de algunos dirigentes.<br \/>\nLa ciudad de Las Parejas, tendr\u00e1 en las pr\u00f3ximas elecciones una novedad en lo que hace a la candidatura a intendente, ser\u00e1 la arquitecta Sandra Clerici, del FPCyS. La actual edila, ante el panorama planteado en el oficialismo hablo de una oportunidad importante para lograr el objetivo y destac\u00f3 los puntos que tendr\u00e1n en cuenta en la campa\u00f1a.<br \/>\nEn Las Rosas, un apellido ligado a la pol\u00edtica de esa ciudad tendr\u00e1 la oportunidad de ser concejal por el Frente Renovador. Se trata de Agust\u00edn Ponzio, quien encabezar\u00e1 la lista de concejales del sector que a nivel nacional lidera Sergio Massa. Explica porqu\u00e9 esa l\u00ednea pol\u00edtica no presenta candidato a intendente en la ciudad de Las Rosas.<br \/>\nTodo esto este martes en DELIBERANDO, a las 21hs, con la conducci\u00f3n de la licenciada Graciela de la Casa y Oscar Crispino.<\/p>\n","protected":false},"excerpt":{"rendered":"<p>Ariel Montapponi, dirigente de Frente Ciudadano \u201cEncuentro por Armstrong\u201d, marca su posici\u00f3n sobre la lista que encabezar\u00e1 como pre candidato a concejal de la ciudad. Porque se presenta y con qu\u00e9 idea de cambio en el concejo local. La unidad verdadera porque no se logr\u00f3 en la ciudad. Qu\u00e9 razones dan por tierra juntarse verdaderamente <a href=\"https:\/\/armstrongyregion.com.ar\/diario\/voces-de-candidatos-para-las-paso-este-martes-en-deliberando\/\" title=\"Read more\" >&#8230;<\/a><\/p>\n","protected":false},"author":2,"featured_media":1023,"comment_status":"open","ping_status":"open","sticky":false,"template":"","format":"standard","meta":{"_jetpack_memberships_contains_paid_content":false,"footnotes":"","jetpack_publicize_message":"","jetpack_publicize_feature_enabled":true,"jetpack_social_post_already_shared":false,"jetpack_social_options":{"image_generator_settings":{"template":"highway","default_image_id":0,"enabled":false},"version":2}},"categories":[8,1,7],"tags":[765,19,770,15,162,23,327,81,932,769],"class_list":["post-1022","post","type-post","status-publish","format-standard","has-post-thumbnail","hentry","category-deliberando","category-diario-armstrong","category-politica","tag-candidatos","tag-de","tag-deliberando-3","tag-en","tag-este","tag-las","tag-martes","tag-para","tag-paso","tag-voces"],"jetpack_publicize_connections":[],"jetpack_featured_media_url":"https:\/\/armstrongyregion.com.ar\/diario\/wp-content\/uploads\/2015\/02\/Ariel-Montapponi.jpg","jetpack_shortlink":"https:\/\/wp.me\/p62QDO-gu","jetpack_sharing_enabled":true,"amp_enabled":true,"_links":{"self":[{"href":"https:\/\/armstrongyregion.com.ar\/diario\/wp-json\/wp\/v2\/posts\/1022","targetHints":{"allow":["GET"]}}],"collection":[{"href":"https:\/\/armstrongyregion.com.ar\/diario\/wp-json\/wp\/v2\/posts"}],"about":[{"href":"https:\/\/armstrongyregion.com.ar\/diario\/wp-json\/wp\/v2\/types\/post"}],"author":[{"embeddable":true,"href":"https:\/\/armstrongyregion.com.ar\/diario\/wp-json\/wp\/v2\/users\/2"}],"replies":[{"embeddable":true,"href":"https:\/\/armstrongyregion.com.ar\/diario\/wp-json\/wp\/v2\/comments?post=1022"}],"version-history":[{"count":0,"href":"https:\/\/armstrongyregion.com.ar\/diario\/wp-json\/wp\/v2\/posts\/1022\/revisions"}],"wp:featuredmedia":[{"embeddable":true,"href":"https:\/\/armstrongyregion.com.ar\/diario\/wp-json\/wp\/v2\/media\/1023"}],"wp:attachment":[{"href":"https:\/\/armstrongyregion.com.ar\/diario\/wp-json\/wp\/v2\/media?parent=1022"}],"wp:term":[{"taxonomy":"category","embeddable":true,"href":"https:\/\/armstrongyregion.com.ar\/diario\/wp-json\/wp\/v2\/categories?post=1022"},{"taxonomy":"post_tag","embeddable":true,"href":"https:\/\/armstrongyregion.com.ar\/diario\/wp-json\/wp\/v2\/tags?post=1022"}],"curies":[{"name":"wp","href":"https:\/\/api.w.org\/{rel}","templated":true}]}}