{"id":10218,"date":"2016-10-26T12:27:04","date_gmt":"2016-10-26T12:27:04","guid":{"rendered":"https:\/\/armstrongyregion.com.ar\/diario\/?p=10218"},"modified":"2016-10-26T12:27:04","modified_gmt":"2016-10-26T12:27:04","slug":"augusto-fischer-tenemos-malos-recuerdos-de-algunas-compras-que-ha-realizado-el-municipio","status":"publish","type":"post","link":"https:\/\/armstrongyregion.com.ar\/diario\/augusto-fischer-tenemos-malos-recuerdos-de-algunas-compras-que-ha-realizado-el-municipio\/","title":{"rendered":"Augusto Fischer: \u201cTenemos malos recuerdos de algunas compras que ha realizado el municipio\u201d."},"content":{"rendered":"<p><a href=\"http:\/\/armstrongyregion.com.ar\/diario\/wp-content\/uploads\/2016\/10\/Augusto-Fischer-Concejal1.jpg\"><img loading=\"lazy\" decoding=\"async\" src=\"http:\/\/armstrongyregion.com.ar\/diario\/wp-content\/uploads\/2016\/10\/Augusto-Fischer-Concejal1-300x210.jpg\" alt=\"augusto-fischer-concejal\" width=\"300\" height=\"210\" class=\"alignnone size-medium wp-image-10219\" srcset=\"https:\/\/armstrongyregion.com.ar\/diario\/wp-content\/uploads\/2016\/10\/Augusto-Fischer-Concejal1-300x210.jpg 300w, https:\/\/armstrongyregion.com.ar\/diario\/wp-content\/uploads\/2016\/10\/Augusto-Fischer-Concejal1.jpg 768w\" sizes=\"auto, (max-width: 300px) 100vw, 300px\" \/><\/a>Con respecto a la aprobaci\u00f3n de la ordenanza EQUIPAR, el concejal Augusto Fischer, dijo: \u201cCon la aprobaci\u00f3n de este proyecto, la provincia comprar\u00eda gran cantidad de maquinaria a muy buen precio, y luego van dirigidas a distintos municipios y comunas, para eso el intendente tiene que tener nuestra aprobaci\u00f3n. A pesar de que son concejal de oposici\u00f3n, solicite tratamiento sobre tablas porque hay tiempo hasta el 4 de noviembre.<br \/>\nEl edil a\u00f1adi\u00f3, \u201cYo lo \u00fanico que le dije es que tengan cuidado porque tenemos malos recuerdos de algunas compras que ha realizado el municipio, hay maquinarias que se rompieron antes de usarlas. As\u00ed es f\u00e1cil  hacer estas compras, el ejecutivo se sacara la foto, pero el pr\u00f3ximo gobierno municipal es quien pagara estas maquinarias\u201d<\/p>\n","protected":false},"excerpt":{"rendered":"<p>Con respecto a la aprobaci\u00f3n de la ordenanza EQUIPAR, el concejal Augusto Fischer, dijo: \u201cCon la aprobaci\u00f3n de este proyecto, la provincia comprar\u00eda gran cantidad de maquinaria a muy buen precio, y luego van dirigidas a distintos municipios y comunas, para eso el intendente tiene que tener nuestra aprobaci\u00f3n. A pesar de que son concejal <a href=\"https:\/\/armstrongyregion.com.ar\/diario\/augusto-fischer-tenemos-malos-recuerdos-de-algunas-compras-que-ha-realizado-el-municipio\/\" title=\"Read more\" >&#8230;<\/a><\/p>\n","protected":false},"author":1,"featured_media":10219,"comment_status":"open","ping_status":"open","sticky":false,"template":"","format":"standard","meta":{"_jetpack_memberships_contains_paid_content":false,"footnotes":"","jetpack_publicize_message":"","jetpack_publicize_feature_enabled":true,"jetpack_social_post_already_shared":false,"jetpack_social_options":{"image_generator_settings":{"template":"highway","default_image_id":0,"enabled":false},"version":2}},"categories":[8,1,2,7,3],"tags":[781,3438,19,16,1043,2158,1580,217,108,3909,4544,1861],"class_list":["post-10218","post","type-post","status-publish","format-standard","has-post-thumbnail","hentry","category-deliberando","category-diario-armstrong","category-locales","category-politica","category-region","tag-algunas","tag-compras","tag-de","tag-el","tag-fischer","tag-ha","tag-malos","tag-municipio","tag-que","tag-realizado","tag-recuerdos","tag-tenemos"],"jetpack_publicize_connections":[],"jetpack_featured_media_url":"https:\/\/armstrongyregion.com.ar\/diario\/wp-content\/uploads\/2016\/10\/Augusto-Fischer-Concejal1.jpg","jetpack_shortlink":"https:\/\/wp.me\/p62QDO-2EO","jetpack_sharing_enabled":true,"amp_enabled":true,"_links":{"self":[{"href":"https:\/\/armstrongyregion.com.ar\/diario\/wp-json\/wp\/v2\/posts\/10218","targetHints":{"allow":["GET"]}}],"collection":[{"href":"https:\/\/armstrongyregion.com.ar\/diario\/wp-json\/wp\/v2\/posts"}],"about":[{"href":"https:\/\/armstrongyregion.com.ar\/diario\/wp-json\/wp\/v2\/types\/post"}],"author":[{"embeddable":true,"href":"https:\/\/armstrongyregion.com.ar\/diario\/wp-json\/wp\/v2\/users\/1"}],"replies":[{"embeddable":true,"href":"https:\/\/armstrongyregion.com.ar\/diario\/wp-json\/wp\/v2\/comments?post=10218"}],"version-history":[{"count":0,"href":"https:\/\/armstrongyregion.com.ar\/diario\/wp-json\/wp\/v2\/posts\/10218\/revisions"}],"wp:featuredmedia":[{"embeddable":true,"href":"https:\/\/armstrongyregion.com.ar\/diario\/wp-json\/wp\/v2\/media\/10219"}],"wp:attachment":[{"href":"https:\/\/armstrongyregion.com.ar\/diario\/wp-json\/wp\/v2\/media?parent=10218"}],"wp:term":[{"taxonomy":"category","embeddable":true,"href":"https:\/\/armstrongyregion.com.ar\/diario\/wp-json\/wp\/v2\/categories?post=10218"},{"taxonomy":"post_tag","embeddable":true,"href":"https:\/\/armstrongyregion.com.ar\/diario\/wp-json\/wp\/v2\/tags?post=10218"}],"curies":[{"name":"wp","href":"https:\/\/api.w.org\/{rel}","templated":true}]}}