{"id":10209,"date":"2016-10-26T11:23:42","date_gmt":"2016-10-26T11:23:42","guid":{"rendered":"https:\/\/armstrongyregion.com.ar\/diario\/?p=10209"},"modified":"2016-10-26T11:23:42","modified_gmt":"2016-10-26T11:23:42","slug":"los-docentes-de-la-unr-decidieron-parar-manana-y-el-viernes","status":"publish","type":"post","link":"https:\/\/armstrongyregion.com.ar\/diario\/los-docentes-de-la-unr-decidieron-parar-manana-y-el-viernes\/","title":{"rendered":"Los docentes de la UNR decidieron parar ma\u00f1ana y el viernes."},"content":{"rendered":"<p><a href=\"http:\/\/armstrongyregion.com.ar\/diario\/wp-content\/uploads\/2016\/10\/unr.jpg\"><img loading=\"lazy\" decoding=\"async\" src=\"http:\/\/armstrongyregion.com.ar\/diario\/wp-content\/uploads\/2016\/10\/unr-300x200.jpg\" alt=\"unr\" width=\"300\" height=\"200\" class=\"alignnone size-medium wp-image-10210\" srcset=\"https:\/\/armstrongyregion.com.ar\/diario\/wp-content\/uploads\/2016\/10\/unr-300x200.jpg 300w, https:\/\/armstrongyregion.com.ar\/diario\/wp-content\/uploads\/2016\/10\/unr.jpg 768w\" sizes=\"auto, (max-width: 300px) 100vw, 300px\" \/><\/a>Los profesores universitarios decidieron ayer por la tarde volver al paro durante ma\u00f1ana y el viernes.<br \/>\nLa medida fue determinada por la Asociaci\u00f3n Gremial de Docentes de Investigadores de la UNR (Coad) tras la votaci\u00f3n realizada en las 12 facultades y tres escuelas preuniversitarias de la Universidad.<\/p>\n<p>La dirigencia gremial rosarina se\u00f1al\u00f3 que es \u00aben defensa del salario, de la educaci\u00f3n p\u00fablica y, fundamentalmente, por la apertura de la mesa de negociaci\u00f3n de las paritarias y de las condiciones de trabajo\u00bb.<\/p>\n<p>En efecto, el Consejo Directivo de la Coad, en su reuni\u00f3n del jueves 20 de octubre, resolvi\u00f3 convocar a una votaci\u00f3n docente, que se realiz\u00f3 el lunes y ayer.<\/p>\n<p>A la hora de las votaciones, el sindicato fue contundente y detall\u00f3 en un comunicado: \u00abA tan s\u00f3lo dos meses de terminar el segundo semestre, resulta m\u00e1s que evidente que los docentes, como el conjunto de trabajadores, seguimos perdiendo poder adquisitivo frente a la escalada de precios y los tarifazos. Ya lo hemos se\u00f1alado: en el intervalo anual de septiembre 2015 \u2014 2016 la inflaci\u00f3n fue de 38,9 por ciento (seg\u00fan cifras oficiales) y nuestro sueldo tuvo un incremento de tan s\u00f3lo el 18 por ciento\u00bb.<\/p>\n<p>En esa l\u00ednea, la secretaria general de Coad, Laura Ferrer, viene marcando: \u00abLos docentes asumimos la tarea de expresar la unidad en la lucha por defender nuestros derechos\u00bb.<br \/>\nLa Capital.Com<\/p>\n","protected":false},"excerpt":{"rendered":"<p>Los profesores universitarios decidieron ayer por la tarde volver al paro durante ma\u00f1ana y el viernes. La medida fue determinada por la Asociaci\u00f3n Gremial de Docentes de Investigadores de la UNR (Coad) tras la votaci\u00f3n realizada en las 12 facultades y tres escuelas preuniversitarias de la Universidad. La dirigencia gremial rosarina se\u00f1al\u00f3 que es \u00aben <a href=\"https:\/\/armstrongyregion.com.ar\/diario\/los-docentes-de-la-unr-decidieron-parar-manana-y-el-viernes\/\" title=\"Read more\" >&#8230;<\/a><\/p>\n","protected":false},"author":1,"featured_media":10210,"comment_status":"open","ping_status":"open","sticky":false,"template":"","format":"standard","meta":{"_jetpack_memberships_contains_paid_content":false,"footnotes":"","jetpack_publicize_message":"","jetpack_publicize_feature_enabled":true,"jetpack_social_post_already_shared":false,"jetpack_social_options":{"image_generator_settings":{"template":"highway","default_image_id":0,"enabled":false},"version":2}},"categories":[6,1,2,3],"tags":[19,4541,2635,16,31,42,907,4542,2279,513,13],"class_list":["post-10209","post","type-post","status-publish","format-standard","has-post-thumbnail","hentry","category-cultura-entretenimiento","category-diario-armstrong","category-locales","category-region","tag-de","tag-decidieron","tag-docentes","tag-el","tag-la","tag-los","tag-manana","tag-parar","tag-unr","tag-viernes","tag-y"],"jetpack_publicize_connections":[],"jetpack_featured_media_url":"https:\/\/armstrongyregion.com.ar\/diario\/wp-content\/uploads\/2016\/10\/unr.jpg","jetpack_shortlink":"https:\/\/wp.me\/p62QDO-2EF","jetpack_sharing_enabled":true,"amp_enabled":true,"_links":{"self":[{"href":"https:\/\/armstrongyregion.com.ar\/diario\/wp-json\/wp\/v2\/posts\/10209","targetHints":{"allow":["GET"]}}],"collection":[{"href":"https:\/\/armstrongyregion.com.ar\/diario\/wp-json\/wp\/v2\/posts"}],"about":[{"href":"https:\/\/armstrongyregion.com.ar\/diario\/wp-json\/wp\/v2\/types\/post"}],"author":[{"embeddable":true,"href":"https:\/\/armstrongyregion.com.ar\/diario\/wp-json\/wp\/v2\/users\/1"}],"replies":[{"embeddable":true,"href":"https:\/\/armstrongyregion.com.ar\/diario\/wp-json\/wp\/v2\/comments?post=10209"}],"version-history":[{"count":0,"href":"https:\/\/armstrongyregion.com.ar\/diario\/wp-json\/wp\/v2\/posts\/10209\/revisions"}],"wp:featuredmedia":[{"embeddable":true,"href":"https:\/\/armstrongyregion.com.ar\/diario\/wp-json\/wp\/v2\/media\/10210"}],"wp:attachment":[{"href":"https:\/\/armstrongyregion.com.ar\/diario\/wp-json\/wp\/v2\/media?parent=10209"}],"wp:term":[{"taxonomy":"category","embeddable":true,"href":"https:\/\/armstrongyregion.com.ar\/diario\/wp-json\/wp\/v2\/categories?post=10209"},{"taxonomy":"post_tag","embeddable":true,"href":"https:\/\/armstrongyregion.com.ar\/diario\/wp-json\/wp\/v2\/tags?post=10209"}],"curies":[{"name":"wp","href":"https:\/\/api.w.org\/{rel}","templated":true}]}}