{"id":10203,"date":"2016-10-26T11:06:31","date_gmt":"2016-10-26T11:06:31","guid":{"rendered":"https:\/\/armstrongyregion.com.ar\/diario\/?p=10203"},"modified":"2016-10-26T11:06:31","modified_gmt":"2016-10-26T11:06:31","slug":"los-campeones-de-la-fiesta-pcial-del-asado-dijeron-presente-en-san-jose-de-la-esquina","status":"publish","type":"post","link":"https:\/\/armstrongyregion.com.ar\/diario\/los-campeones-de-la-fiesta-pcial-del-asado-dijeron-presente-en-san-jose-de-la-esquina\/","title":{"rendered":"Los campeones de la Fiesta Pcial del Asado dijeron presente en San Jose de la Esquina."},"content":{"rendered":"<p><a href=\"http:\/\/armstrongyregion.com.ar\/diario\/wp-content\/uploads\/2016\/10\/asador-.jpg\"><img loading=\"lazy\" decoding=\"async\" src=\"http:\/\/armstrongyregion.com.ar\/diario\/wp-content\/uploads\/2016\/10\/asador--300x238.jpg\" alt=\"asador\" width=\"300\" height=\"238\" class=\"alignnone size-medium wp-image-10204\" srcset=\"https:\/\/armstrongyregion.com.ar\/diario\/wp-content\/uploads\/2016\/10\/asador--300x238.jpg 300w, https:\/\/armstrongyregion.com.ar\/diario\/wp-content\/uploads\/2016\/10\/asador-.jpg 768w\" sizes=\"auto, (max-width: 300px) 100vw, 300px\" \/><\/a>A trav\u00e9s del Programa \u201cCompartiendo Cultura\u201d y del auspicio de la Diputada Provincial Claudia Giaccone los magn\u00edficos Campeones Provinciales del Asado se hicieron presentes en  la 3\u00aa Pe\u00f1a Folkl\u00f3rica organizada por el Centro Tradicionalista Ra\u00edces Criollas, que se realiz\u00f3 en la Quinta de Miguel Epes.<br \/>\nLa misma sirvi\u00f3 adem\u00e1s para la presentaci\u00f3n de Pleinair, un espacio integrado por artistas de distintos pa\u00edses del mundo, que estar\u00e1n creando, expresando y exponiendo fotograf\u00eda, pintura, escultura, m\u00fasica, que podr\u00e1n compartirse, visitar y recorrer junto a ellos hasta el 29 de octubre.<br \/>\nActuaron tambi\u00e9n m\u00fasicos de la regi\u00f3n, y se almorz\u00f3 un asado de vaquillona deshuesada a la estaca, cocinada por los campeones de la Fiesta Provincial del Asado, que cada a\u00f1o se realiza en Montes de Oca.<br \/>\nDe esta manera se concret\u00f3 un intercambio multicultural, donde se pudo expresar la importancia de sostener nuestras tradiciones y mostrarlas a los visitantes para que conozcan de ellas.<br \/>\n\u201cChula\u201d Nicastro, integrante de la Delegaci\u00f3n de Asadores agradeci\u00f3 la invitaci\u00f3n del Centro Tradicionalista como as\u00ed tambi\u00e9n al Ente Cultural Santafesino y a la Diputada Provincial Giaccone que permiten promover cada manifestaci\u00f3n cultural a lo largo ancho de la provincia. \u201cQueremos invitar a nuestra Fiesta que ser\u00e1 el fin de semana del 28 y 29 de agosto con la presencia de distintos asadores a nivel nacional y la actuaci\u00f3n de Jorge Rojas\u201d<\/p>\n","protected":false},"excerpt":{"rendered":"<p>A trav\u00e9s del Programa \u201cCompartiendo Cultura\u201d y del auspicio de la Diputada Provincial Claudia Giaccone los magn\u00edficos Campeones Provinciales del Asado se hicieron presentes en la 3\u00aa Pe\u00f1a Folkl\u00f3rica organizada por el Centro Tradicionalista Ra\u00edces Criollas, que se realiz\u00f3 en la Quinta de Miguel Epes. La misma sirvi\u00f3 adem\u00e1s para la presentaci\u00f3n de Pleinair, un <a href=\"https:\/\/armstrongyregion.com.ar\/diario\/los-campeones-de-la-fiesta-pcial-del-asado-dijeron-presente-en-san-jose-de-la-esquina\/\" title=\"Read more\" >&#8230;<\/a><\/p>\n","protected":false},"author":1,"featured_media":10204,"comment_status":"open","ping_status":"open","sticky":false,"template":"","format":"standard","meta":{"_jetpack_memberships_contains_paid_content":false,"footnotes":"","jetpack_publicize_message":"","jetpack_publicize_feature_enabled":true,"jetpack_social_post_already_shared":false,"jetpack_social_options":{"image_generator_settings":{"template":"highway","default_image_id":0,"enabled":false},"version":2}},"categories":[6,1,3],"tags":[],"class_list":["post-10203","post","type-post","status-publish","format-standard","has-post-thumbnail","hentry","category-cultura-entretenimiento","category-diario-armstrong","category-region"],"jetpack_publicize_connections":[],"jetpack_featured_media_url":"https:\/\/armstrongyregion.com.ar\/diario\/wp-content\/uploads\/2016\/10\/asador-.jpg","jetpack_shortlink":"https:\/\/wp.me\/p62QDO-2Ez","jetpack_sharing_enabled":true,"amp_enabled":true,"_links":{"self":[{"href":"https:\/\/armstrongyregion.com.ar\/diario\/wp-json\/wp\/v2\/posts\/10203","targetHints":{"allow":["GET"]}}],"collection":[{"href":"https:\/\/armstrongyregion.com.ar\/diario\/wp-json\/wp\/v2\/posts"}],"about":[{"href":"https:\/\/armstrongyregion.com.ar\/diario\/wp-json\/wp\/v2\/types\/post"}],"author":[{"embeddable":true,"href":"https:\/\/armstrongyregion.com.ar\/diario\/wp-json\/wp\/v2\/users\/1"}],"replies":[{"embeddable":true,"href":"https:\/\/armstrongyregion.com.ar\/diario\/wp-json\/wp\/v2\/comments?post=10203"}],"version-history":[{"count":0,"href":"https:\/\/armstrongyregion.com.ar\/diario\/wp-json\/wp\/v2\/posts\/10203\/revisions"}],"wp:featuredmedia":[{"embeddable":true,"href":"https:\/\/armstrongyregion.com.ar\/diario\/wp-json\/wp\/v2\/media\/10204"}],"wp:attachment":[{"href":"https:\/\/armstrongyregion.com.ar\/diario\/wp-json\/wp\/v2\/media?parent=10203"}],"wp:term":[{"taxonomy":"category","embeddable":true,"href":"https:\/\/armstrongyregion.com.ar\/diario\/wp-json\/wp\/v2\/categories?post=10203"},{"taxonomy":"post_tag","embeddable":true,"href":"https:\/\/armstrongyregion.com.ar\/diario\/wp-json\/wp\/v2\/tags?post=10203"}],"curies":[{"name":"wp","href":"https:\/\/api.w.org\/{rel}","templated":true}]}}