{"id":10194,"date":"2016-10-25T12:01:57","date_gmt":"2016-10-25T12:01:57","guid":{"rendered":"https:\/\/armstrongyregion.com.ar\/diario\/?p=10194"},"modified":"2016-10-25T12:01:57","modified_gmt":"2016-10-25T12:01:57","slug":"las-rosas-promocion-social-y-la-direccion-provincial-de-ninez-adolescencia-y-familia","status":"publish","type":"post","link":"https:\/\/armstrongyregion.com.ar\/diario\/las-rosas-promocion-social-y-la-direccion-provincial-de-ninez-adolescencia-y-familia\/","title":{"rendered":"Las Rosas. Promoci\u00f3n Social y la Direcci\u00f3n Provincial de Ni\u00f1ez, Adolescencia y Familia."},"content":{"rendered":"<p><a href=\"http:\/\/armstrongyregion.com.ar\/diario\/wp-content\/uploads\/2016\/10\/Fer-Rodriguez-.jpg\"><img loading=\"lazy\" decoding=\"async\" src=\"http:\/\/armstrongyregion.com.ar\/diario\/wp-content\/uploads\/2016\/10\/Fer-Rodriguez--300x169.jpg\" alt=\"fer-rodriguez\" width=\"300\" height=\"169\" class=\"alignnone size-medium wp-image-10195\" srcset=\"https:\/\/armstrongyregion.com.ar\/diario\/wp-content\/uploads\/2016\/10\/Fer-Rodriguez--300x169.jpg 300w, https:\/\/armstrongyregion.com.ar\/diario\/wp-content\/uploads\/2016\/10\/Fer-Rodriguez--1024x576.jpg 1024w, https:\/\/armstrongyregion.com.ar\/diario\/wp-content\/uploads\/2016\/10\/Fer-Rodriguez-.jpg 1040w\" sizes=\"auto, (max-width: 300px) 100vw, 300px\" \/><\/a>Promoci\u00f3n Social de nuestra Municipalidad, se reuni\u00f3 semanas atr\u00e1s con el Equipo Nodo Rosario de la Direcci\u00f3n Provincial de Ni\u00f1ez, Adolescencia y Familia para la coordinaci\u00f3n y tratamiento de tem\u00e1ticas relacionadas a la vulneraci\u00f3n de derechos de ni\u00f1os de nuestra comunidad.<\/p>\n","protected":false},"excerpt":{"rendered":"<p>Promoci\u00f3n Social de nuestra Municipalidad, se reuni\u00f3 semanas atr\u00e1s con el Equipo Nodo Rosario de la Direcci\u00f3n Provincial de Ni\u00f1ez, Adolescencia y Familia para la coordinaci\u00f3n y tratamiento de tem\u00e1ticas relacionadas a la vulneraci\u00f3n de derechos de ni\u00f1os de nuestra comunidad.<\/p>\n","protected":false},"author":1,"featured_media":10195,"comment_status":"open","ping_status":"open","sticky":false,"template":"","format":"standard","meta":{"_jetpack_memberships_contains_paid_content":false,"footnotes":"","jetpack_publicize_message":"","jetpack_publicize_feature_enabled":true,"jetpack_social_post_already_shared":false,"jetpack_social_options":{"image_generator_settings":{"template":"highway","default_image_id":0,"enabled":false},"version":2}},"categories":[6,1,3],"tags":[3182,23,3181,2868,361,1111,13],"class_list":["post-10194","post","type-post","status-publish","format-standard","has-post-thumbnail","hentry","category-cultura-entretenimiento","category-diario-armstrong","category-region","tag-adolescencia","tag-las","tag-ninez","tag-promocion","tag-rosas","tag-social","tag-y"],"jetpack_publicize_connections":[],"jetpack_featured_media_url":"https:\/\/armstrongyregion.com.ar\/diario\/wp-content\/uploads\/2016\/10\/Fer-Rodriguez-.jpg","jetpack_shortlink":"https:\/\/wp.me\/p62QDO-2Eq","jetpack_sharing_enabled":true,"amp_enabled":true,"_links":{"self":[{"href":"https:\/\/armstrongyregion.com.ar\/diario\/wp-json\/wp\/v2\/posts\/10194","targetHints":{"allow":["GET"]}}],"collection":[{"href":"https:\/\/armstrongyregion.com.ar\/diario\/wp-json\/wp\/v2\/posts"}],"about":[{"href":"https:\/\/armstrongyregion.com.ar\/diario\/wp-json\/wp\/v2\/types\/post"}],"author":[{"embeddable":true,"href":"https:\/\/armstrongyregion.com.ar\/diario\/wp-json\/wp\/v2\/users\/1"}],"replies":[{"embeddable":true,"href":"https:\/\/armstrongyregion.com.ar\/diario\/wp-json\/wp\/v2\/comments?post=10194"}],"version-history":[{"count":0,"href":"https:\/\/armstrongyregion.com.ar\/diario\/wp-json\/wp\/v2\/posts\/10194\/revisions"}],"wp:featuredmedia":[{"embeddable":true,"href":"https:\/\/armstrongyregion.com.ar\/diario\/wp-json\/wp\/v2\/media\/10195"}],"wp:attachment":[{"href":"https:\/\/armstrongyregion.com.ar\/diario\/wp-json\/wp\/v2\/media?parent=10194"}],"wp:term":[{"taxonomy":"category","embeddable":true,"href":"https:\/\/armstrongyregion.com.ar\/diario\/wp-json\/wp\/v2\/categories?post=10194"},{"taxonomy":"post_tag","embeddable":true,"href":"https:\/\/armstrongyregion.com.ar\/diario\/wp-json\/wp\/v2\/tags?post=10194"}],"curies":[{"name":"wp","href":"https:\/\/api.w.org\/{rel}","templated":true}]}}