{"id":10178,"date":"2016-10-25T00:30:09","date_gmt":"2016-10-25T00:30:09","guid":{"rendered":"https:\/\/armstrongyregion.com.ar\/diario\/?p=10178"},"modified":"2016-10-25T00:30:09","modified_gmt":"2016-10-25T00:30:09","slug":"charla-sobre-agregado-de-valor","status":"publish","type":"post","link":"https:\/\/armstrongyregion.com.ar\/diario\/charla-sobre-agregado-de-valor\/","title":{"rendered":"Charla sobre Agregado de Valor."},"content":{"rendered":"<p><a href=\"http:\/\/armstrongyregion.com.ar\/diario\/wp-content\/uploads\/2016\/10\/charla-valor-agregado-2.jpg\"><img loading=\"lazy\" decoding=\"async\" src=\"http:\/\/armstrongyregion.com.ar\/diario\/wp-content\/uploads\/2016\/10\/charla-valor-agregado-2-1024x722.jpg\" alt=\"charla-valor-agregado-2\" width=\"800\" height=\"564\" class=\"alignnone size-large wp-image-10179\" srcset=\"https:\/\/armstrongyregion.com.ar\/diario\/wp-content\/uploads\/2016\/10\/charla-valor-agregado-2-1024x722.jpg 1024w, https:\/\/armstrongyregion.com.ar\/diario\/wp-content\/uploads\/2016\/10\/charla-valor-agregado-2-300x212.jpg 300w\" sizes=\"auto, (max-width: 800px) 100vw, 800px\" \/><\/a>El d\u00eda viernes 28 de octubre a las 17 hs. en el auditorio municipal Delmo Dar\u00f3 se llevar\u00e1 a cabo una charla sobre Agregado de Valor en Origen como herramienta de desarrollo territorial y la Bioenerg\u00eda Distribuida como herramienta de aprovechamiento de biomasa y residuos org\u00e1nicos para producir energ\u00eda y fertilizantes org\u00e1nicos.<br \/>\nLos disertantes ser\u00e1n los Ing. Mario y Marcos Bragachini, y Jos\u00e9 M\u00e9ndez. Los 3 t\u00e9cnicos pertenecen al programa nacional de Agregado de Valor en Origen del INTA.<br \/>\nOrganizan este evento destinado a productores agropecuarios y p\u00fablico en general: Centro Comercial, Industrial y Rural de Armstrong, Cooperativa de Provisi\u00f3n de Obras y Servicios P\u00fablicos y Cr\u00e9dito Ltda. de Armstrong y Municipalidad de Armstrong.<\/p>\n","protected":false},"excerpt":{"rendered":"<p>El d\u00eda viernes 28 de octubre a las 17 hs. en el auditorio municipal Delmo Dar\u00f3 se llevar\u00e1 a cabo una charla sobre Agregado de Valor en Origen como herramienta de desarrollo territorial y la Bioenerg\u00eda Distribuida como herramienta de aprovechamiento de biomasa y residuos org\u00e1nicos para producir energ\u00eda y fertilizantes org\u00e1nicos. Los disertantes ser\u00e1n <a href=\"https:\/\/armstrongyregion.com.ar\/diario\/charla-sobre-agregado-de-valor\/\" title=\"Read more\" >&#8230;<\/a><\/p>\n","protected":false},"author":2,"featured_media":10179,"comment_status":"open","ping_status":"open","sticky":false,"template":"","format":"standard","meta":{"_jetpack_memberships_contains_paid_content":false,"footnotes":"","jetpack_publicize_message":"","jetpack_publicize_feature_enabled":true,"jetpack_social_post_already_shared":false,"jetpack_social_options":{"image_generator_settings":{"template":"highway","default_image_id":0,"enabled":false},"version":2}},"categories":[1,2,3],"tags":[4537,432,19,118,1074],"class_list":["post-10178","post","type-post","status-publish","format-standard","has-post-thumbnail","hentry","category-diario-armstrong","category-locales","category-region","tag-agregado","tag-charla","tag-de","tag-sobre","tag-valor"],"jetpack_publicize_connections":[],"jetpack_featured_media_url":"https:\/\/armstrongyregion.com.ar\/diario\/wp-content\/uploads\/2016\/10\/charla-valor-agregado-2.jpg","jetpack_shortlink":"https:\/\/wp.me\/p62QDO-2Ea","jetpack_sharing_enabled":true,"amp_enabled":true,"_links":{"self":[{"href":"https:\/\/armstrongyregion.com.ar\/diario\/wp-json\/wp\/v2\/posts\/10178","targetHints":{"allow":["GET"]}}],"collection":[{"href":"https:\/\/armstrongyregion.com.ar\/diario\/wp-json\/wp\/v2\/posts"}],"about":[{"href":"https:\/\/armstrongyregion.com.ar\/diario\/wp-json\/wp\/v2\/types\/post"}],"author":[{"embeddable":true,"href":"https:\/\/armstrongyregion.com.ar\/diario\/wp-json\/wp\/v2\/users\/2"}],"replies":[{"embeddable":true,"href":"https:\/\/armstrongyregion.com.ar\/diario\/wp-json\/wp\/v2\/comments?post=10178"}],"version-history":[{"count":0,"href":"https:\/\/armstrongyregion.com.ar\/diario\/wp-json\/wp\/v2\/posts\/10178\/revisions"}],"wp:featuredmedia":[{"embeddable":true,"href":"https:\/\/armstrongyregion.com.ar\/diario\/wp-json\/wp\/v2\/media\/10179"}],"wp:attachment":[{"href":"https:\/\/armstrongyregion.com.ar\/diario\/wp-json\/wp\/v2\/media?parent=10178"}],"wp:term":[{"taxonomy":"category","embeddable":true,"href":"https:\/\/armstrongyregion.com.ar\/diario\/wp-json\/wp\/v2\/categories?post=10178"},{"taxonomy":"post_tag","embeddable":true,"href":"https:\/\/armstrongyregion.com.ar\/diario\/wp-json\/wp\/v2\/tags?post=10178"}],"curies":[{"name":"wp","href":"https:\/\/api.w.org\/{rel}","templated":true}]}}