{"id":1016,"date":"2015-02-24T11:44:28","date_gmt":"2015-02-24T11:44:28","guid":{"rendered":"https:\/\/armstrongyregion.com.ar\/diario\/?p=1016"},"modified":"2015-02-24T11:44:28","modified_gmt":"2015-02-24T11:44:28","slug":"armstrong-presente-en-la-fiesta-provincial-del-mate","status":"publish","type":"post","link":"https:\/\/armstrongyregion.com.ar\/diario\/armstrong-presente-en-la-fiesta-provincial-del-mate\/","title":{"rendered":"Armstrong presente en la Fiesta Provincial del Mate."},"content":{"rendered":"<p><a href=\"http:\/\/armstrongyregion.com.ar\/diario\/wp-content\/uploads\/2015\/02\/temperini.jpg\"><img loading=\"lazy\" decoding=\"async\" class=\"alignnone size-medium wp-image-1017\" src=\"http:\/\/armstrongyregion.com.ar\/diario\/wp-content\/uploads\/2015\/02\/temperini-225x300.jpg\" alt=\"tetemperini\" width=\"225\" height=\"300\" srcset=\"https:\/\/armstrongyregion.com.ar\/diario\/wp-content\/uploads\/2015\/02\/temperini-225x300.jpg 225w, https:\/\/armstrongyregion.com.ar\/diario\/wp-content\/uploads\/2015\/02\/temperini.jpg 400w\" sizes=\"auto, (max-width: 225px) 100vw, 225px\" \/><\/a>Del 20 al 22 de febrero se realiz\u00f3 la tradicional Fiesta Provincial del Mate, en su edici\u00f3n N\u00ba 17, en el Predio del Ferrocarril de la ciudad de Las Rosas con la asistencia de miles de personas.<br \/>\nUno de los momentos m\u00e1s esperados es la elecci\u00f3n de la Reina y Princesas de dicha fiesta.<br \/>\nNuestra ciudad estuvo presente con las soberanas elegidas en la fiesta del 132\u00ba aniversario, realizada el mes de diciembre pasado.<\/p>\n<p>All\u00ed estuvieron, acompa\u00f1adas por la coordinadora Sra. Valeria Albornoz, Florencia Lisandr\u00f3n y Aldana Guti\u00e9rrez, como Reinas Consagradas, y Oriana Temperini, como postulante al reinado 2015-2016.<\/p>\n<p>El d\u00eda s\u00e1bado 21, todas tuvieron una c\u00e1lida recepci\u00f3n. Mientras las candidatas al reinado concretaban el coloquio con el jurado, integrado por profesionales de la moda, autoridades de Las Rosas y las Reinas Nacional y Provincial del Mate, las Reinas Consagradas paseaban sobre un sulky por las calles de la ciudad recibiendo el saludo y el aplauso de la gente.<\/p>\n<p>Luego compartieron una cena y se dirigieron al predio donde, luego de las pasadas correspondientes de las 17 j\u00f3venes candidatas que llegaron desde toda la provincia, se<br \/>\nconocieron los resultados de la elecci\u00f3n:<\/p>\n<p>Reina: Lara Bertorello (de Mar\u00eda Juana)<br \/>\n1\u00aa Princesa: Oriana Temperini (1\u00aa Princesa Institucional de Armstrong 2014-2015)<br \/>\n2\u00aa Princesa: Lucila Ibaldi (de Las Rosas)<\/p>\n<p>Se destaca que en el 2014, la 1\u00aa Princesa de la Fiesta Provincial del Mate fue Florencia Lisandr\u00f3n y, hasta febrero de 2016, el honor de llevar esa distinci\u00f3n es de otra joven de nuestra ciudad. Felicitaciones Oriana Temperini!<\/p>\n","protected":false},"excerpt":{"rendered":"<p>Del 20 al 22 de febrero se realiz\u00f3 la tradicional Fiesta Provincial del Mate, en su edici\u00f3n N\u00ba 17, en el Predio del Ferrocarril de la ciudad de Las Rosas con la asistencia de miles de personas. Uno de los momentos m\u00e1s esperados es la elecci\u00f3n de la Reina y Princesas de dicha fiesta. Nuestra <a href=\"https:\/\/armstrongyregion.com.ar\/diario\/armstrong-presente-en-la-fiesta-provincial-del-mate\/\" title=\"Read more\" >&#8230;<\/a><\/p>\n","protected":false},"author":2,"featured_media":1017,"comment_status":"open","ping_status":"open","sticky":false,"template":"","format":"standard","meta":{"_jetpack_memberships_contains_paid_content":false,"footnotes":"","jetpack_publicize_message":"","jetpack_publicize_feature_enabled":true,"jetpack_social_post_already_shared":false,"jetpack_social_options":{"image_generator_settings":{"template":"highway","default_image_id":0,"enabled":false},"version":2}},"categories":[1,2,3],"tags":[20,53,15,620,31,891,556,928],"class_list":["post-1016","post","type-post","status-publish","format-standard","has-post-thumbnail","hentry","category-diario-armstrong","category-locales","category-region","tag-armstrong","tag-del","tag-en","tag-fiesta","tag-la","tag-mate","tag-presente","tag-provincial"],"jetpack_publicize_connections":[],"jetpack_featured_media_url":"https:\/\/armstrongyregion.com.ar\/diario\/wp-content\/uploads\/2015\/02\/temperini.jpg","jetpack_shortlink":"https:\/\/wp.me\/p62QDO-go","jetpack_sharing_enabled":true,"amp_enabled":true,"_links":{"self":[{"href":"https:\/\/armstrongyregion.com.ar\/diario\/wp-json\/wp\/v2\/posts\/1016","targetHints":{"allow":["GET"]}}],"collection":[{"href":"https:\/\/armstrongyregion.com.ar\/diario\/wp-json\/wp\/v2\/posts"}],"about":[{"href":"https:\/\/armstrongyregion.com.ar\/diario\/wp-json\/wp\/v2\/types\/post"}],"author":[{"embeddable":true,"href":"https:\/\/armstrongyregion.com.ar\/diario\/wp-json\/wp\/v2\/users\/2"}],"replies":[{"embeddable":true,"href":"https:\/\/armstrongyregion.com.ar\/diario\/wp-json\/wp\/v2\/comments?post=1016"}],"version-history":[{"count":0,"href":"https:\/\/armstrongyregion.com.ar\/diario\/wp-json\/wp\/v2\/posts\/1016\/revisions"}],"wp:featuredmedia":[{"embeddable":true,"href":"https:\/\/armstrongyregion.com.ar\/diario\/wp-json\/wp\/v2\/media\/1017"}],"wp:attachment":[{"href":"https:\/\/armstrongyregion.com.ar\/diario\/wp-json\/wp\/v2\/media?parent=1016"}],"wp:term":[{"taxonomy":"category","embeddable":true,"href":"https:\/\/armstrongyregion.com.ar\/diario\/wp-json\/wp\/v2\/categories?post=1016"},{"taxonomy":"post_tag","embeddable":true,"href":"https:\/\/armstrongyregion.com.ar\/diario\/wp-json\/wp\/v2\/tags?post=1016"}],"curies":[{"name":"wp","href":"https:\/\/api.w.org\/{rel}","templated":true}]}}