{"id":10103,"date":"2016-10-18T14:47:17","date_gmt":"2016-10-18T14:47:17","guid":{"rendered":"https:\/\/armstrongyregion.com.ar\/diario\/?p=10103"},"modified":"2016-10-18T14:47:17","modified_gmt":"2016-10-18T14:47:17","slug":"atencion-de-la-anses-en-las-rosas","status":"publish","type":"post","link":"https:\/\/armstrongyregion.com.ar\/diario\/atencion-de-la-anses-en-las-rosas\/","title":{"rendered":"Atenci\u00f3n de la ANSES en Las Rosas"},"content":{"rendered":"<p>La Administraci\u00f3n Nacional de la Seguridad Social (ANSES) informa que en el marco de su programa de atenci\u00f3n a la comunidad, este pr\u00f3ximo d\u00eda 19\/10\/2016, atender\u00e1 a los vecinos de la ciudad de Las Rosas.<br \/>\nEsta iniciativa tiene como objetivo llegar a la mayor cantidad de vecinos, quienes podr\u00e1n realizar, diversos tr\u00e1mites y consultas referidas a las prestaciones y servicios de ese Organismo.<br \/>\nSe asesorar\u00e1 y realizar\u00e1n gestiones relacionadas con Trabajadores en actividad, Asignaci\u00f3n Universal por Hijo, Jubilados y Pensionados, entre otros.<br \/>\nAquellos interesados podr\u00e1n acercarse a la Casa de la Cultura sito en calle Bv. Kemmis 1000, en el horario de 08:00 a 12:00hs<\/p>\n","protected":false},"excerpt":{"rendered":"<p>La Administraci\u00f3n Nacional de la Seguridad Social (ANSES) informa que en el marco de su programa de atenci\u00f3n a la comunidad, este pr\u00f3ximo d\u00eda 19\/10\/2016, atender\u00e1 a los vecinos de la ciudad de Las Rosas. Esta iniciativa tiene como objetivo llegar a la mayor cantidad de vecinos, quienes podr\u00e1n realizar, diversos tr\u00e1mites y consultas referidas <a href=\"https:\/\/armstrongyregion.com.ar\/diario\/atencion-de-la-anses-en-las-rosas\/\" title=\"Read more\" >&#8230;<\/a><\/p>\n","protected":false},"author":1,"featured_media":10104,"comment_status":"open","ping_status":"open","sticky":false,"template":"","format":"standard","meta":{"_jetpack_memberships_contains_paid_content":false,"footnotes":"","jetpack_publicize_message":"","jetpack_publicize_feature_enabled":true,"jetpack_social_post_already_shared":false,"jetpack_social_options":{"image_generator_settings":{"template":"highway","default_image_id":0,"enabled":false},"version":2}},"categories":[1,3],"tags":[1990,1218],"class_list":["post-10103","post","type-post","status-publish","format-standard","has-post-thumbnail","hentry","category-diario-armstrong","category-region","tag-las-rosas","tag-anses"],"jetpack_publicize_connections":[],"jetpack_featured_media_url":"https:\/\/armstrongyregion.com.ar\/diario\/wp-content\/uploads\/2016\/10\/anses.jpg","jetpack_shortlink":"https:\/\/wp.me\/p62QDO-2CX","jetpack_sharing_enabled":true,"amp_enabled":true,"_links":{"self":[{"href":"https:\/\/armstrongyregion.com.ar\/diario\/wp-json\/wp\/v2\/posts\/10103","targetHints":{"allow":["GET"]}}],"collection":[{"href":"https:\/\/armstrongyregion.com.ar\/diario\/wp-json\/wp\/v2\/posts"}],"about":[{"href":"https:\/\/armstrongyregion.com.ar\/diario\/wp-json\/wp\/v2\/types\/post"}],"author":[{"embeddable":true,"href":"https:\/\/armstrongyregion.com.ar\/diario\/wp-json\/wp\/v2\/users\/1"}],"replies":[{"embeddable":true,"href":"https:\/\/armstrongyregion.com.ar\/diario\/wp-json\/wp\/v2\/comments?post=10103"}],"version-history":[{"count":0,"href":"https:\/\/armstrongyregion.com.ar\/diario\/wp-json\/wp\/v2\/posts\/10103\/revisions"}],"wp:featuredmedia":[{"embeddable":true,"href":"https:\/\/armstrongyregion.com.ar\/diario\/wp-json\/wp\/v2\/media\/10104"}],"wp:attachment":[{"href":"https:\/\/armstrongyregion.com.ar\/diario\/wp-json\/wp\/v2\/media?parent=10103"}],"wp:term":[{"taxonomy":"category","embeddable":true,"href":"https:\/\/armstrongyregion.com.ar\/diario\/wp-json\/wp\/v2\/categories?post=10103"},{"taxonomy":"post_tag","embeddable":true,"href":"https:\/\/armstrongyregion.com.ar\/diario\/wp-json\/wp\/v2\/tags?post=10103"}],"curies":[{"name":"wp","href":"https:\/\/api.w.org\/{rel}","templated":true}]}}