{"id":10090,"date":"2016-10-18T12:07:38","date_gmt":"2016-10-18T12:07:38","guid":{"rendered":"https:\/\/armstrongyregion.com.ar\/diario\/?p=10090"},"modified":"2016-10-18T12:07:38","modified_gmt":"2016-10-18T12:07:38","slug":"canada-de-gomez-el-coro-municipal-celebro-sus-35-anos","status":"publish","type":"post","link":"https:\/\/armstrongyregion.com.ar\/diario\/canada-de-gomez-el-coro-municipal-celebro-sus-35-anos\/","title":{"rendered":"Ca\u00f1ada de G\u00f3mez: El Coro Municipal celebr\u00f3 sus 35 a\u00f1os"},"content":{"rendered":"<p>El Coro Municipal celebr\u00f3 sus 35 a\u00f1os con un encuentro coral que se realiz\u00f3 en la Casa del Bicentenario con la participaci\u00f3n del Coro Comunal de Villa Elo\u00edsa y otro de Granadero Baigorria, rememorando la primera actuaci\u00f3n que fue el 25 de mayo de 1981.<br \/>\nTras el concierto, el municipio hizo entrega de obsequios a todos los coreutas y la secretaria de Educaci\u00f3n, Cultura y Deporte Raquel Di Paola reconoci\u00f3 el trabajo de Marcelo Petetta, quien dirigiera el coro durante 21 a\u00f1os y de Rom\u00e1n Rodr\u00edguez quien es el responsable en\u00a0 la actualidad de la actividad que se dicta en la Escuela Municipal.<br \/>\n\u00abCotinuamos respaldando el trabajo del coro municipal y en esta oportunidad aprovechamos para distinguir la labor de quien fuera director durante 21 a\u00f1os y tambien a su actual director\u00bb, expres\u00f3 Di Paola.<\/p>\n<div class=\"yj6qo ajU\">\n<div id=\":ni\" class=\"ajR\" tabindex=\"0\" data-tooltip=\"Mostrar contenido reducido\"><img decoding=\"async\" class=\"ajT\" src=\"https:\/\/ssl.gstatic.com\/ui\/v1\/icons\/mail\/images\/cleardot.gif\" alt=\"\" \/><\/div>\n<\/div>\n","protected":false},"excerpt":{"rendered":"<p>El Coro Municipal celebr\u00f3 sus 35 a\u00f1os con un encuentro coral que se realiz\u00f3 en la Casa del Bicentenario con la participaci\u00f3n del Coro Comunal de Villa Elo\u00edsa y otro de Granadero Baigorria, rememorando la primera actuaci\u00f3n que fue el 25 de mayo de 1981. Tras el concierto, el municipio hizo entrega de obsequios a <a href=\"https:\/\/armstrongyregion.com.ar\/diario\/canada-de-gomez-el-coro-municipal-celebro-sus-35-anos\/\" title=\"Read more\" >&#8230;<\/a><\/p>\n","protected":false},"author":1,"featured_media":10091,"comment_status":"open","ping_status":"open","sticky":false,"template":"","format":"standard","meta":{"_jetpack_memberships_contains_paid_content":false,"footnotes":"","jetpack_publicize_message":"","jetpack_publicize_feature_enabled":true,"jetpack_social_post_already_shared":false,"jetpack_social_options":{"image_generator_settings":{"template":"highway","default_image_id":0,"enabled":false},"version":2}},"categories":[6,1,3],"tags":[163,920,19,164,524],"class_list":["post-10090","post","type-post","status-publish","format-standard","has-post-thumbnail","hentry","category-cultura-entretenimiento","category-diario-armstrong","category-region","tag-canada","tag-coro","tag-de","tag-gomez","tag-municipal"],"jetpack_publicize_connections":[],"jetpack_featured_media_url":"https:\/\/armstrongyregion.com.ar\/diario\/wp-content\/uploads\/2016\/10\/IMG_2925.jpg","jetpack_shortlink":"https:\/\/wp.me\/p62QDO-2CK","jetpack_sharing_enabled":true,"amp_enabled":true,"_links":{"self":[{"href":"https:\/\/armstrongyregion.com.ar\/diario\/wp-json\/wp\/v2\/posts\/10090","targetHints":{"allow":["GET"]}}],"collection":[{"href":"https:\/\/armstrongyregion.com.ar\/diario\/wp-json\/wp\/v2\/posts"}],"about":[{"href":"https:\/\/armstrongyregion.com.ar\/diario\/wp-json\/wp\/v2\/types\/post"}],"author":[{"embeddable":true,"href":"https:\/\/armstrongyregion.com.ar\/diario\/wp-json\/wp\/v2\/users\/1"}],"replies":[{"embeddable":true,"href":"https:\/\/armstrongyregion.com.ar\/diario\/wp-json\/wp\/v2\/comments?post=10090"}],"version-history":[{"count":0,"href":"https:\/\/armstrongyregion.com.ar\/diario\/wp-json\/wp\/v2\/posts\/10090\/revisions"}],"wp:featuredmedia":[{"embeddable":true,"href":"https:\/\/armstrongyregion.com.ar\/diario\/wp-json\/wp\/v2\/media\/10091"}],"wp:attachment":[{"href":"https:\/\/armstrongyregion.com.ar\/diario\/wp-json\/wp\/v2\/media?parent=10090"}],"wp:term":[{"taxonomy":"category","embeddable":true,"href":"https:\/\/armstrongyregion.com.ar\/diario\/wp-json\/wp\/v2\/categories?post=10090"},{"taxonomy":"post_tag","embeddable":true,"href":"https:\/\/armstrongyregion.com.ar\/diario\/wp-json\/wp\/v2\/tags?post=10090"}],"curies":[{"name":"wp","href":"https:\/\/api.w.org\/{rel}","templated":true}]}}