{"id":10081,"date":"2016-10-18T00:16:26","date_gmt":"2016-10-18T00:16:26","guid":{"rendered":"https:\/\/armstrongyregion.com.ar\/diario\/?p=10081"},"modified":"2016-10-18T00:16:26","modified_gmt":"2016-10-18T00:16:26","slug":"queremos-que-los-adultos-mayores-tengan-un-cuidado-de-calidad","status":"publish","type":"post","link":"https:\/\/armstrongyregion.com.ar\/diario\/queremos-que-los-adultos-mayores-tengan-un-cuidado-de-calidad\/","title":{"rendered":"\u201cQueremos que los adultos mayores tengan un cuidado de calidad\u201d"},"content":{"rendered":"<p>El diputado provincial Miguel Solis (PS-FPCyS) junto a su par socialista Joaquin Blanco, expusieron frente a miembros de los centros de jubilados nacionales y provinciales de Armstrong y Tortugas,\u00a0 los lineamientos del Proyecto de Ley Por Los Derechos de Las Personas Mayores, que impulsan en la C\u00e1mara de Diputados de Santa Fe.<\/p>\n<p>El ambicioso proyecto pretende garantizar a todos los mayores de 60 a\u00f1os que habiten la provincia, a ser cuidados con instituciones de calidad, sean de orden privado o p\u00fablico, defenderlos contra abusos, violencia, abandono, fraudes o maltrato.<\/p>\n<p>Para ello, el proyecto contempla un registro de cuidadores con la capacitaci\u00f3n adecuada, una defensor\u00eda de adultos mayores que recepcione\u00a0 denuncias y reclamos, y el fomento de instituciones de calidad, como centros de d\u00eda o alojamientos en caso de abandono o vulnerabilidad social.<\/p>\n<p>\u201c<em>Estas charlas se vienen realizando hace tiempo a trav\u00e9s de todo el territorio provincial, ya que los adultos mayores son los verdaderos protagonistas y enriquecen el contenido del proyecto con sus aportes y su visi\u00f3n\u201d, <\/em>\u00a0expresaba el diputado Solis.<\/p>\n<p>A su vez, Joaquin Blanco se sumaba se\u00f1alando que <em>\u201ctenemos el acompa\u00f1amiento del gobernador Miguel Lifschitz.\u00a0 Esperamos antes de fin de a\u00f1o darle media sanci\u00f3n en diputados, y que los senadores acompa\u00f1en este proyecto para que Santa Fe se convierta en la primer provincia en tener una ley de este tipo\u201d.<\/em><\/p>\n<p>&nbsp;<\/p>\n<p><em><a href=\"http:\/\/armstrongyregion.com.ar\/diario\/wp-content\/uploads\/2016\/10\/solis3.jpg\"><img loading=\"lazy\" decoding=\"async\" class=\"alignnone size-medium wp-image-10078\" src=\"http:\/\/armstrongyregion.com.ar\/diario\/wp-content\/uploads\/2016\/10\/solis3-300x112.jpg\" alt=\"solis3\" width=\"300\" height=\"112\" srcset=\"https:\/\/armstrongyregion.com.ar\/diario\/wp-content\/uploads\/2016\/10\/solis3-300x112.jpg 300w, https:\/\/armstrongyregion.com.ar\/diario\/wp-content\/uploads\/2016\/10\/solis3-1024x382.jpg 1024w, https:\/\/armstrongyregion.com.ar\/diario\/wp-content\/uploads\/2016\/10\/solis3.jpg 1280w\" sizes=\"auto, (max-width: 300px) 100vw, 300px\" \/><\/a> <\/em><\/p>\n","protected":false},"excerpt":{"rendered":"<p>El diputado provincial Miguel Solis (PS-FPCyS) junto a su par socialista Joaquin Blanco, expusieron frente a miembros de los centros de jubilados nacionales y provinciales de Armstrong y Tortugas,\u00a0 los lineamientos del Proyecto de Ley Por Los Derechos de Las Personas Mayores, que impulsan en la C\u00e1mara de Diputados de Santa Fe. El ambicioso proyecto <a href=\"https:\/\/armstrongyregion.com.ar\/diario\/queremos-que-los-adultos-mayores-tengan-un-cuidado-de-calidad\/\" title=\"Read more\" >&#8230;<\/a><\/p>\n","protected":false},"author":1,"featured_media":10080,"comment_status":"open","ping_status":"open","sticky":false,"template":"","format":"standard","meta":{"_jetpack_memberships_contains_paid_content":false,"footnotes":"","jetpack_publicize_message":"","jetpack_publicize_feature_enabled":true,"jetpack_social_post_already_shared":false,"jetpack_social_options":{"image_generator_settings":{"template":"highway","default_image_id":0,"enabled":false},"version":2}},"categories":[1,7,4],"tags":[2092,2288,4521,2280,3240],"class_list":["post-10081","post","type-post","status-publish","format-standard","has-post-thumbnail","hentry","category-diario-armstrong","category-politica","category-prevencion-salud","tag-adultos","tag-calidad","tag-cuidados","tag-mayores","tag-solis"],"jetpack_publicize_connections":[],"jetpack_featured_media_url":"https:\/\/armstrongyregion.com.ar\/diario\/wp-content\/uploads\/2016\/10\/solis1.jpg","jetpack_shortlink":"https:\/\/wp.me\/p62QDO-2CB","jetpack_sharing_enabled":true,"amp_enabled":true,"_links":{"self":[{"href":"https:\/\/armstrongyregion.com.ar\/diario\/wp-json\/wp\/v2\/posts\/10081","targetHints":{"allow":["GET"]}}],"collection":[{"href":"https:\/\/armstrongyregion.com.ar\/diario\/wp-json\/wp\/v2\/posts"}],"about":[{"href":"https:\/\/armstrongyregion.com.ar\/diario\/wp-json\/wp\/v2\/types\/post"}],"author":[{"embeddable":true,"href":"https:\/\/armstrongyregion.com.ar\/diario\/wp-json\/wp\/v2\/users\/1"}],"replies":[{"embeddable":true,"href":"https:\/\/armstrongyregion.com.ar\/diario\/wp-json\/wp\/v2\/comments?post=10081"}],"version-history":[{"count":0,"href":"https:\/\/armstrongyregion.com.ar\/diario\/wp-json\/wp\/v2\/posts\/10081\/revisions"}],"wp:featuredmedia":[{"embeddable":true,"href":"https:\/\/armstrongyregion.com.ar\/diario\/wp-json\/wp\/v2\/media\/10080"}],"wp:attachment":[{"href":"https:\/\/armstrongyregion.com.ar\/diario\/wp-json\/wp\/v2\/media?parent=10081"}],"wp:term":[{"taxonomy":"category","embeddable":true,"href":"https:\/\/armstrongyregion.com.ar\/diario\/wp-json\/wp\/v2\/categories?post=10081"},{"taxonomy":"post_tag","embeddable":true,"href":"https:\/\/armstrongyregion.com.ar\/diario\/wp-json\/wp\/v2\/tags?post=10081"}],"curies":[{"name":"wp","href":"https:\/\/api.w.org\/{rel}","templated":true}]}}