{"id":10025,"date":"2016-10-13T13:43:09","date_gmt":"2016-10-13T13:43:09","guid":{"rendered":"https:\/\/armstrongyregion.com.ar\/diario\/?p=10025"},"modified":"2016-10-13T13:43:09","modified_gmt":"2016-10-13T13:43:09","slug":"a-100-anos-del-primer-gobierno-argentino-elegido-por-el-sufragio-popular","status":"publish","type":"post","link":"https:\/\/armstrongyregion.com.ar\/diario\/a-100-anos-del-primer-gobierno-argentino-elegido-por-el-sufragio-popular\/","title":{"rendered":"A 100 a\u00f1os del Primer Gobierno Argentino elegido por el sufragio popular."},"content":{"rendered":"<p>En el transcurso de la \u00faltima sesi\u00f3n del Concejo Municipal,\u00a0 el Bloque oficialista\u00a0 present\u00f3 un proyecto de Declaraci\u00f3n, con motivo de haberse cumplido ayer 12 de Octubre, 100 a\u00f1os del Primer Gobierno Argentino elegido por el sufragio popular.<\/p>\n<p>\u00abQue esta fecha nos inste a mirar el futuro desde esos valores fundantes de la democracia de los argentinos, que tanto tienen que ver con Yrigoyen: el respeto a la Constituci\u00f3n Nacional, la decencia, la honestidad y la lucha por la libertad y por la igualdad\u00bb reza el proyecto aprobado por todos los ediles.<\/p>\n","protected":false},"excerpt":{"rendered":"<p>En el transcurso de la \u00faltima sesi\u00f3n del Concejo Municipal,\u00a0 el Bloque oficialista\u00a0 present\u00f3 un proyecto de Declaraci\u00f3n, con motivo de haberse cumplido ayer 12 de Octubre, 100 a\u00f1os del Primer Gobierno Argentino elegido por el sufragio popular. \u00abQue esta fecha nos inste a mirar el futuro desde esos valores fundantes de la democracia de <a href=\"https:\/\/armstrongyregion.com.ar\/diario\/a-100-anos-del-primer-gobierno-argentino-elegido-por-el-sufragio-popular\/\" title=\"Read more\" >&#8230;<\/a><\/p>\n","protected":false},"author":1,"featured_media":9290,"comment_status":"open","ping_status":"open","sticky":false,"template":"","format":"standard","meta":{"_jetpack_memberships_contains_paid_content":false,"footnotes":"","jetpack_publicize_message":"","jetpack_publicize_feature_enabled":true,"jetpack_social_post_already_shared":false,"jetpack_social_options":{"image_generator_settings":{"template":"highway","default_image_id":0,"enabled":false},"version":2}},"categories":[1,7],"tags":[],"class_list":["post-10025","post","type-post","status-publish","format-standard","has-post-thumbnail","hentry","category-diario-armstrong","category-politica"],"jetpack_publicize_connections":[],"jetpack_featured_media_url":"https:\/\/armstrongyregion.com.ar\/diario\/wp-content\/uploads\/2016\/08\/daniela-perez-.jpg","jetpack_shortlink":"https:\/\/wp.me\/p62QDO-2BH","jetpack_sharing_enabled":true,"amp_enabled":true,"_links":{"self":[{"href":"https:\/\/armstrongyregion.com.ar\/diario\/wp-json\/wp\/v2\/posts\/10025","targetHints":{"allow":["GET"]}}],"collection":[{"href":"https:\/\/armstrongyregion.com.ar\/diario\/wp-json\/wp\/v2\/posts"}],"about":[{"href":"https:\/\/armstrongyregion.com.ar\/diario\/wp-json\/wp\/v2\/types\/post"}],"author":[{"embeddable":true,"href":"https:\/\/armstrongyregion.com.ar\/diario\/wp-json\/wp\/v2\/users\/1"}],"replies":[{"embeddable":true,"href":"https:\/\/armstrongyregion.com.ar\/diario\/wp-json\/wp\/v2\/comments?post=10025"}],"version-history":[{"count":0,"href":"https:\/\/armstrongyregion.com.ar\/diario\/wp-json\/wp\/v2\/posts\/10025\/revisions"}],"wp:featuredmedia":[{"embeddable":true,"href":"https:\/\/armstrongyregion.com.ar\/diario\/wp-json\/wp\/v2\/media\/9290"}],"wp:attachment":[{"href":"https:\/\/armstrongyregion.com.ar\/diario\/wp-json\/wp\/v2\/media?parent=10025"}],"wp:term":[{"taxonomy":"category","embeddable":true,"href":"https:\/\/armstrongyregion.com.ar\/diario\/wp-json\/wp\/v2\/categories?post=10025"},{"taxonomy":"post_tag","embeddable":true,"href":"https:\/\/armstrongyregion.com.ar\/diario\/wp-json\/wp\/v2\/tags?post=10025"}],"curies":[{"name":"wp","href":"https:\/\/api.w.org\/{rel}","templated":true}]}}