{"id":100,"date":"2014-12-24T05:04:02","date_gmt":"2014-12-24T05:04:02","guid":{"rendered":"https:\/\/armstrongyregion.com.ar\/diario\/?p=100"},"modified":"2014-12-24T05:04:02","modified_gmt":"2014-12-24T05:04:02","slug":"lifschitz-en-su-lanzamiento-mi-gobierno-sera-el-mas-frentista-de-los-tres","status":"publish","type":"post","link":"https:\/\/armstrongyregion.com.ar\/diario\/lifschitz-en-su-lanzamiento-mi-gobierno-sera-el-mas-frentista-de-los-tres\/","title":{"rendered":"Lifschitz en su lanzamiento: \u00abMi gobierno ser\u00e1 el m\u00e1s frentista de los tres\u00bb."},"content":{"rendered":"<p><a href=\"http:\/\/armstrongyregion.com.ar\/diario\/wp-content\/uploads\/2014\/12\/IMG_1937.jpg\"><img loading=\"lazy\" decoding=\"async\" class=\"wp-image-101 size-medium alignleft\" src=\"http:\/\/armstrongyregion.com.ar\/diario\/wp-content\/uploads\/2014\/12\/IMG_1937-300x200.jpg\" alt=\"Lifschitz en su lanzamiento\" width=\"300\" height=\"200\" srcset=\"https:\/\/armstrongyregion.com.ar\/diario\/wp-content\/uploads\/2014\/12\/IMG_1937-300x200.jpg 300w, https:\/\/armstrongyregion.com.ar\/diario\/wp-content\/uploads\/2014\/12\/IMG_1937.jpg 600w\" sizes=\"auto, (max-width: 300px) 100vw, 300px\" \/><\/a><\/p>\n<p>&nbsp;<\/p>\n<p>&nbsp;<\/p>\n<p>&nbsp;<\/p>\n<p>&nbsp;<\/p>\n<p>&nbsp;<\/p>\n<p>&nbsp;<\/p>\n<p>&nbsp;<\/p>\n<p>&nbsp;<\/p>\n<p>El Partido Socialista lanz\u00f3 oficialmente este lunes la candidatura a gobernador de Miguel Lifschitz en un acto en la ciudad de Santa Fe. \u00abMi gobierno ser\u00e1 el m\u00e1s frentista de los tres, profundizando el proceso de construcci\u00f3n pol\u00edtica iniciado por Hermes Binner y continuado por Antonio Bonfatti\u00bb, asegur\u00f3 el ex intendente de Rosario. \u00abEl que viene tiene que ser un tiempo de muchas realizaciones porque la gente quiere acci\u00f3n, resultados concretos y mucha gesti\u00f3n, y esa es mi especialidad\u00bb, afirm\u00f3, y agreg\u00f3: \u00abLa propuesta del Frente Progresista siempre est\u00e1 un paso adelante del resto de las fuerzas pol\u00edticas que vienen mirando hacia atr\u00e1s. Nosotros tenemos un proyecto de futuro, que no retrocede\u00bb.<br \/>\nEl acto cont\u00f3 con la participaci\u00f3n del diputado nacional y precandidato presidencial del FAUnen, Hermes Binner y del gobernador Antonio Bonfatti, adem\u00e1s de dirigentes y militantes del socialismo y del Frente Progresista de toda la provincia que colmaron la capacidad del Centro Cultural ATE Casa Espa\u00f1a, en la capital santafesina.<br \/>\n\u00abCon este lanzamiento empezamos un camino que nos llevar\u00e1 a recorrer pueblo por pueblo y ciudad por ciudad. Vamos a buscar en este trayecto, el acompa\u00f1amiento y el apoyo de todos los dirigentes pol\u00edticos de las fuerzas que forman parte del Frente Progresista y tambi\u00e9n de otros partidos, de referentes de organizaciones sociales, organizaciones comunitarias e instituciones\u00bb, desarroll\u00f3 el candidato socialista.<\/p>\n<p>\u00abAspiramos &#8211;afirm\u00f3 Lifschitz&#8211; a que la pr\u00f3xima sea una etapa de amplias mayor\u00edas, con fuertes consensos alrededor de las pol\u00edticas que queremos implementar. Por ello decimos que la gesti\u00f3n que viene tendr\u00e1 una gran vocaci\u00f3n frentista y nos encontrar\u00e1 trabajando con mucha amplitud y mucha generosidad en pol\u00edticas realmente transformadoras en materia de obras de infraestructura, para generar m\u00e1s trabajo y m\u00e1s desarrollo en el interior de la provincia, y tambi\u00e9n con una mirada muy atenta a la realidad de los grandes centros urbanos, el Gran Rosario y el Gran Santa Fe, que requieren medidas espec\u00edficas\u00bb.<br \/>\nEn este sentido, Lifschitz remarc\u00f3 el camino y la trayectoria del socialismo y el Frente Progresista en Santa Fe, y se distingui\u00f3 de otras alternativas pol\u00edticas. \u00abLo nuestro es un proyecto pol\u00edtico en serio, hecho con alegr\u00eda pero bien en serio, que como siempre est\u00e1 un paso adelante del resto de las fuerzas pol\u00edticas, que vienen mirando hacia atr\u00e1s, mirando por el espejo retrovisor, mientras que nosotros miramos para adelante porque trabajamos en un proyecto de futuro para Santa Fe\u00bb.<br \/>\nDe este modo, el Secretario General de la Federaci\u00f3n Santa Fe del PS sostuvo que \u00aben esta nueva etapa se mantendr\u00e1n inalterables el conjunto de valores, de grandes ideas y de grandes conceptos del Frente Progresista, como la \u00e9tica p\u00fablica, el respeto a las instituciones, la participaci\u00f3n ciudadana y el fortalecimiento de la democracia, dici\u00e9ndole siempre que no a la demagogia, al populismo y a los atajos\u00bb.<\/p>\n<p>Por su parte, Hermes Binner, que fue el primer orador de la noche, expres\u00f3 su total apoyo a la candidatura de Lifschitz y asegur\u00f3 que \u00abla experiencia del Frente Progresista, Civico y Social de Santa Fe es un ejemplo de una construcci\u00f3n pol\u00edtica coherente que muestra que es posible articular no s\u00f3lo una propuesta electoral con partidos afines, sino una fuerza capaz de gobernar para mejorarle la vida a la gente\u00bb.<br \/>\n\u00abEn Santa Fe demostramos que hay otra manera de hacer pol\u00edtica y otra manera de gobernar, garantizando derechos, respetando las instituciones y la independencia de la Justicia, jerarquizando la calidad de la educaci\u00f3n y la salud p\u00fablica, con trabajo decente y jubilaciones dignas\u00bb, desarroll\u00f3 el precanditato a presidente. Y agreg\u00f3: \u00abLa coherencia demostrada a lo largo de estos a\u00f1os nos ha permitido ganar la confianza de los santafesinos, que ya nos honraron por dos veces con la responsabilidad de gobernar esta maravillosa provincia. Ahora vamos por m\u00e1s, con la candidatura de Miguel Lifschitz, para seguir avanzando en la transformaci\u00f3n de Santa Fe\u00bb.<br \/>\nEn la misma sinton\u00eda, Antonio Bonfatti, apoy\u00f3 el lanzamiento del ex intendente de Rosario y asegur\u00f3 que Lifschitz es el hombre que mejor representar\u00e1, por su experiencia y capacidad de gesti\u00f3n demostrada, los valores y las pol\u00edticas que viene desarrollando el Frente Progresista en Santa Fe. \u00abSanta Fe avanza y estamos seguros que va a seguir avanzando\u00bb, proclam\u00f3.<\/p>\n<p>Ejes de Gesti\u00f3n<\/p>\n<p>Por otro lado, en materia de medidas para el futuro, Lifschitz adelant\u00f3 que el gran desaf\u00edo para la pr\u00f3xima etapa \u00abes profundizar todo lo bueno que se ha hecho, en materia de salud, de obra p\u00fablica, de participaci\u00f3n, de reforma de la Justicia, de obras de infraestructura b\u00e1sica junto con las comunidades locales, de la cultura, y tambi\u00e9n trabajar en las cosas para corregir\u00bb.<\/p>\n<p>En este marco, el candidato present\u00f3 algunas de sus principales tem\u00e1ticas a abordar con mayor prioridad, entre las que enumer\u00f3 pol\u00edticas de seguridad, de acompa\u00f1amiento a la producci\u00f3n, inversi\u00f3n en obra p\u00fablica m\u00e1s relacionada al mejoramiento de infraestructuras, e hizo un p\u00e1rrafo aparte para lo que \u00e9l denomina como su principal desaf\u00edo: la educaci\u00f3n.<\/p>\n<p>\u00abPondremos mucho de nuestro esfuerzo en seguir mejorando la educaci\u00f3n de nuestra provincia. Queremos elevar los \u00edndices de finalizaci\u00f3n del ciclo secundario, que m\u00e1s chicos y chicas completen sus estudios, promover m\u00e1s egresados con t\u00edtulos t\u00e9cnicos en Santa Fe, y hacer de la escuela una escuela para el trabajo, para que los j\u00f3venes puedan adquirir los h\u00e1bitos de trabajos y se incorporen al mundo laboral con las herramientas suficientes que le permitan tener una personalidad emprendedora y proactiva\u00bb, asever\u00f3. Y complet\u00f3: \u00abEso es algo que tiene que inculcar el Estado desde la educaci\u00f3n secundaria, para que \u00e9sta funcione como la puerta de ingreso de los j\u00f3venes a la inserci\u00f3n laboral\u00bb.<\/p>\n","protected":false},"excerpt":{"rendered":"<p>&nbsp; &nbsp; &nbsp; &nbsp; &nbsp; &nbsp; &nbsp; &nbsp; El Partido Socialista lanz\u00f3 oficialmente este lunes la candidatura a gobernador de Miguel Lifschitz en un acto en la ciudad de Santa Fe. \u00abMi gobierno ser\u00e1 el m\u00e1s frentista de los tres, profundizando el proceso de construcci\u00f3n pol\u00edtica iniciado por Hermes Binner y continuado por Antonio Bonfatti\u00bb, <a href=\"https:\/\/armstrongyregion.com.ar\/diario\/lifschitz-en-su-lanzamiento-mi-gobierno-sera-el-mas-frentista-de-los-tres\/\" title=\"Read more\" >&#8230;<\/a><\/p>\n","protected":false},"author":2,"featured_media":101,"comment_status":"open","ping_status":"open","sticky":false,"template":"","format":"standard","meta":{"_jetpack_memberships_contains_paid_content":false,"footnotes":"","jetpack_publicize_message":"","jetpack_publicize_feature_enabled":true,"jetpack_social_post_already_shared":false,"jetpack_social_options":{"image_generator_settings":{"template":"highway","default_image_id":0,"enabled":false},"version":2}},"categories":[1,7],"tags":[37,19,16,15,41,38,36,34,42,40,39,35,43],"class_list":["post-100","post","type-post","status-publish","format-standard","has-post-thumbnail","hentry","category-diario-armstrong","category-politica","tag-mi","tag-de","tag-el","tag-en","tag-frentista","tag-gobierno","tag-lanzamiento","tag-lifschitz","tag-los","tag-mas","tag-sera","tag-su","tag-tres"],"jetpack_publicize_connections":[],"jetpack_featured_media_url":"https:\/\/armstrongyregion.com.ar\/diario\/wp-content\/uploads\/2014\/12\/IMG_1937.jpg","jetpack_shortlink":"https:\/\/wp.me\/p62QDO-1C","jetpack_sharing_enabled":true,"amp_enabled":true,"_links":{"self":[{"href":"https:\/\/armstrongyregion.com.ar\/diario\/wp-json\/wp\/v2\/posts\/100","targetHints":{"allow":["GET"]}}],"collection":[{"href":"https:\/\/armstrongyregion.com.ar\/diario\/wp-json\/wp\/v2\/posts"}],"about":[{"href":"https:\/\/armstrongyregion.com.ar\/diario\/wp-json\/wp\/v2\/types\/post"}],"author":[{"embeddable":true,"href":"https:\/\/armstrongyregion.com.ar\/diario\/wp-json\/wp\/v2\/users\/2"}],"replies":[{"embeddable":true,"href":"https:\/\/armstrongyregion.com.ar\/diario\/wp-json\/wp\/v2\/comments?post=100"}],"version-history":[{"count":0,"href":"https:\/\/armstrongyregion.com.ar\/diario\/wp-json\/wp\/v2\/posts\/100\/revisions"}],"wp:featuredmedia":[{"embeddable":true,"href":"https:\/\/armstrongyregion.com.ar\/diario\/wp-json\/wp\/v2\/media\/101"}],"wp:attachment":[{"href":"https:\/\/armstrongyregion.com.ar\/diario\/wp-json\/wp\/v2\/media?parent=100"}],"wp:term":[{"taxonomy":"category","embeddable":true,"href":"https:\/\/armstrongyregion.com.ar\/diario\/wp-json\/wp\/v2\/categories?post=100"},{"taxonomy":"post_tag","embeddable":true,"href":"https:\/\/armstrongyregion.com.ar\/diario\/wp-json\/wp\/v2\/tags?post=100"}],"curies":[{"name":"wp","href":"https:\/\/api.w.org\/{rel}","templated":true}]}}